{"id":6251,"date":"2019-11-25T11:00:08","date_gmt":"2019-11-25T11:00:08","guid":{"rendered":"http:\/\/www.eclatsdemail.com\/?p=6251"},"modified":"2022-06-23T13:45:20","modified_gmt":"2022-06-23T11:45:20","slug":"jour-11-ne-pas-oublier","status":"publish","type":"post","link":"https:\/\/www.eclatsdemail.com\/gb\/2019\/11\/25\/jour-11-ne-pas-oublier\/","title":{"rendered":"JOUR 11 : Ne pas oublier"},"content":{"rendered":"<p>En France, la place de la religion catholique n&#8217;est plus du tout la m\u00eame que celle qu&#8217;elle f\u00fbt \u00e0 l&#8217;\u00e9poque de la toute puissante religion d&#8217;Etat. Alors forc\u00e9ment, lorsque les Como Mamas d\u00e9barquent sur la sc\u00e8ne de l&#8217;Op\u00e9ra de Limoges pour chanter la gloire de Dieu et de J\u00e9sus, l&#8217;accueil est un peu r\u00e9serv\u00e9. La tradition Gospel est bien loin de nos pr\u00e9occupations quotidiennes, et il y a \u00e9videmment un gouffre profond entre les trois v\u00e9n\u00e9rables du Mississipi et notre culture fran\u00e7aise. Ce gouffre abyssal aurait pu se creuser encore un peu plus lors de ce concert.<\/p>\n<p>Deux jambes us\u00e9es par les ann\u00e9es et pourtant encore en pleine forme n&#8217;\u00e9taient pas de cet avis l\u00e0. Celles d&#8217;Angela Taylor. Une des trois mamas s&#8217;avance jusqu&#8217;au bout de la sc\u00e8ne et danse, fr\u00e9mit, occupe l&#8217;espace avec une \u00e9nergie d\u00e9bordante qui n&#8217;a rien \u00e0 envier aux jeunes g\u00e9n\u00e9rations de performers. Il n&#8217;en fallait pas plus pour combler des si\u00e8cles d&#8217;histoire et emporter le public, allant m\u00eame jusqu&#8217;\u00e0 r\u00e9ussir l&#8217;exploit de lui faire chanter &#8220;Praise God&#8221; en fin de concert.\u00a0<\/p>\n<p>Les Como Mamas nous ont aid\u00e9 \u00e0 combler des si\u00e8cles d&#8217;histoire qu&#8217;il nous faut encore apprendre et r\u00e9apprendre. Car bien avant d&#8217;\u00eatre li\u00e9 \u00e0 la religion, le Gospel, qui s&#8217;appelait auparavant Negro Spiritual, \u00e9tait d&#8217;abord &#8211; et ce durant trois si\u00e8cles &#8211; le chant des esclaves fra\u00eechement d\u00e9barqu\u00e9s d&#8217;Afrique pour servir les riches propri\u00e9taires terriens am\u00e9ricains. C&#8217;\u00e9tait un moyen de communication, un moyen d&#8217;exister, un moyen de croire qu&#8217;il existait peut-\u00eatre un futur dans lequel leurs enfants ne seraient pas seulement des outils mais des humains. Et m\u00eame si ces populations se sont impr\u00e9gn\u00e9s des textes catholiques et ont embrass\u00e9 ce dogme qui r\u00e9sonnait profond\u00e9ment avec leur condition, leur premier combat \u00e9tait celui de la survie, puis plus tard celui de l&#8217;\u00e9galit\u00e9 entre les Hommes, peu importe leur couleur de peau, combat men\u00e9 concomitamment avec le jazz et le blues.\u00a0<\/p>\n<p>Aujourd&#8217;hui encore, ce combat est \u00e0 des ann\u00e9es lumi\u00e8res d&#8217;approcher de son terme, et ce, que l&#8217;on parle des \u00c9tats-Unis ou de notre grand pays des Droits de l&#8217;Homme. Aujourd&#8217;hui encore, un noir am\u00e9ricain a plus de deux fois plus de chance de mourir de la main d&#8217;un policier \u00e9tats-uniens qu&#8217;un blanc. Aujourd&#8217;hui encore, le Gospel existe notamment pour ne jamais oublier les horreurs du pass\u00e9 et du pr\u00e9sent.\u00a0<\/p>\n<p>N&#8217;oublions donc pas. N&#8217;oublions pas que nos idoles du jazz ont souffert toute leur vie du racisme, n&#8217;oublions que nombre d&#8217;entre eux en souffrent encore. Sans que cela n&#8217;ait le moindre sens, sans que l&#8217;on puisse donner une seule explication \u00e0 ce ph\u00e9nom\u00e8ne, si ce n&#8217;est la stupidit\u00e9 profonde et mill\u00e9naire de l&#8217;Homme.<\/p>\n<p>S&#8217;il est bien une chose que ce festival nous a prouv\u00e9 et nous prouvera encore, c&#8217;est notre capacit\u00e9 \u00e0 vivre ensemble, \u00e0 exister dans ce monde et \u00e0 interagir les uns avec les autres quelles que soient notre langue, notre culture ou nos origines. Devant le jazz, devant la musique, nous sommes tous \u00e9gaux. Et nous devrions l&#8217;\u00eatre \u00e0 chaque instant.<\/p>\n<p>photo : Didier Radiguet<\/p>\n","protected":false},"excerpt":{"rendered":"<p>Como Mamas<\/p>\n","protected":false},"author":1,"featured_media":6254,"comment_status":"closed","ping_status":"closed","sticky":false,"template":"","format":"standard","meta":{"footnotes":""},"categories":[37],"tags":[],"class_list":["post-6251","post","type-post","status-publish","format-standard","has-post-thumbnail","hentry","category-edition-2019"],"translation":{"provider":"WPGlobus","version":"3.0.2","language":"gb","enabled_languages":["fr","gb"],"languages":{"fr":{"title":true,"content":true,"excerpt":true},"gb":{"title":false,"content":false,"excerpt":false}}},"yoast_head":"<!-- This site is optimized with the Yoast SEO plugin v27.4 - https:\/\/yoast.com\/product\/yoast-seo-wordpress\/ -->\n<title>JOUR 11 : Ne pas oublier - Festival \u00c9clats d&#039;\u00c9mail Jazz \u00c9dition<\/title>\n<meta name=\"robots\" content=\"index, follow, max-snippet:-1, max-image-preview:large, max-video-preview:-1\" \/>\n<link rel=\"canonical\" href=\"https:\/\/www.eclatsdemail.com\/2019\/11\/25\/jour-11-ne-pas-oublier\/\" \/>\n<meta property=\"og:locale\" content=\"en_GB\" \/>\n<meta property=\"og:type\" content=\"article\" \/>\n<meta property=\"og:title\" content=\"JOUR 11 : Ne pas oublier - Festival \u00c9clats d&#039;\u00c9mail Jazz \u00c9dition\" \/>\n<meta property=\"og:url\" content=\"https:\/\/www.eclatsdemail.com\/2019\/11\/25\/jour-11-ne-pas-oublier\/\" \/>\n<meta property=\"og:site_name\" content=\"Festival \u00c9clats d&#039;\u00c9mail Jazz \u00c9dition\" \/>\n<meta property=\"article:publisher\" content=\"https:\/\/www.facebook.com\/jazzeclatsdemail\" \/>\n<meta property=\"article:published_time\" content=\"2019-11-25T11:00:08+00:00\" \/>\n<meta property=\"article:modified_time\" content=\"2022-06-23T11:45:20+00:00\" \/>\n<meta property=\"og:image\" content=\"https:\/\/www.eclatsdemail.com\/wp-content\/uploads\/2019\/11\/yyyy.jpg\" \/>\n\t<meta property=\"og:image:width\" content=\"1200\" \/>\n\t<meta property=\"og:image:height\" content=\"800\" \/>\n\t<meta property=\"og:image:type\" content=\"image\/jpeg\" \/>\n<meta name=\"author\" content=\"webmaster\" \/>\n<meta name=\"twitter:card\" content=\"summary_large_image\" \/>\n<meta name=\"twitter:creator\" content=\"@eclatsemailjazz\" \/>\n<meta name=\"twitter:site\" content=\"@eclatsemailjazz\" \/>\n<meta name=\"twitter:label1\" content=\"Written by\" \/>\n\t<meta name=\"twitter:data1\" content=\"webmaster\" \/>\n\t<meta name=\"twitter:label2\" content=\"Est. reading time\" \/>\n\t<meta name=\"twitter:data2\" content=\"3 minutes\" \/>\n<script type=\"application\/ld+json\" class=\"yoast-schema-graph\">{\"@context\":\"https:\\\/\\\/schema.org\",\"@graph\":[{\"@type\":\"Article\",\"@id\":\"https:\\\/\\\/www.eclatsdemail.com\\\/2019\\\/11\\\/25\\\/jour-11-ne-pas-oublier\\\/#article\",\"isPartOf\":{\"@id\":\"https:\\\/\\\/www.eclatsdemail.com\\\/2019\\\/11\\\/25\\\/jour-11-ne-pas-oublier\\\/\"},\"author\":{\"name\":\"webmaster\",\"@id\":\"https:\\\/\\\/www.eclatsdemail.com\\\/#\\\/schema\\\/person\\\/2029d40d8c6530367bbca3180e5cc771\"},\"headline\":\"JOUR 11 : Ne pas oublier\",\"datePublished\":\"2019-11-25T11:00:08+00:00\",\"dateModified\":\"2022-06-23T11:45:20+00:00\",\"mainEntityOfPage\":{\"@id\":\"https:\\\/\\\/www.eclatsdemail.com\\\/2019\\\/11\\\/25\\\/jour-11-ne-pas-oublier\\\/\"},\"wordCount\":583,\"publisher\":{\"@id\":\"https:\\\/\\\/www.eclatsdemail.com\\\/#organization\"},\"image\":{\"@id\":\"https:\\\/\\\/www.eclatsdemail.com\\\/2019\\\/11\\\/25\\\/jour-11-ne-pas-oublier\\\/#primaryimage\"},\"thumbnailUrl\":\"https:\\\/\\\/www.eclatsdemail.com\\\/wp-content\\\/uploads\\\/2019\\\/11\\\/yyyy.jpg\",\"articleSection\":[\"2019 edition\"],\"inLanguage\":\"en-GB\"},{\"@type\":\"WebPage\",\"@id\":\"https:\\\/\\\/www.eclatsdemail.com\\\/2019\\\/11\\\/25\\\/jour-11-ne-pas-oublier\\\/\",\"url\":\"https:\\\/\\\/www.eclatsdemail.com\\\/2019\\\/11\\\/25\\\/jour-11-ne-pas-oublier\\\/\",\"name\":\"JOUR 11 : Ne pas oublier - Festival \u00c9clats d&#039;\u00c9mail Jazz \u00c9dition\",\"isPartOf\":{\"@id\":\"https:\\\/\\\/www.eclatsdemail.com\\\/#website\"},\"primaryImageOfPage\":{\"@id\":\"https:\\\/\\\/www.eclatsdemail.com\\\/2019\\\/11\\\/25\\\/jour-11-ne-pas-oublier\\\/#primaryimage\"},\"image\":{\"@id\":\"https:\\\/\\\/www.eclatsdemail.com\\\/2019\\\/11\\\/25\\\/jour-11-ne-pas-oublier\\\/#primaryimage\"},\"thumbnailUrl\":\"https:\\\/\\\/www.eclatsdemail.com\\\/wp-content\\\/uploads\\\/2019\\\/11\\\/yyyy.jpg\",\"datePublished\":\"2019-11-25T11:00:08+00:00\",\"dateModified\":\"2022-06-23T11:45:20+00:00\",\"breadcrumb\":{\"@id\":\"https:\\\/\\\/www.eclatsdemail.com\\\/2019\\\/11\\\/25\\\/jour-11-ne-pas-oublier\\\/#breadcrumb\"},\"inLanguage\":\"en-GB\",\"potentialAction\":[{\"@type\":\"ReadAction\",\"target\":[\"https:\\\/\\\/www.eclatsdemail.com\\\/2019\\\/11\\\/25\\\/jour-11-ne-pas-oublier\\\/\"]}]},{\"@type\":\"ImageObject\",\"inLanguage\":\"en-GB\",\"@id\":\"https:\\\/\\\/www.eclatsdemail.com\\\/2019\\\/11\\\/25\\\/jour-11-ne-pas-oublier\\\/#primaryimage\",\"url\":\"https:\\\/\\\/www.eclatsdemail.com\\\/wp-content\\\/uploads\\\/2019\\\/11\\\/yyyy.jpg\",\"contentUrl\":\"https:\\\/\\\/www.eclatsdemail.com\\\/wp-content\\\/uploads\\\/2019\\\/11\\\/yyyy.jpg\",\"width\":1200,\"height\":800},{\"@type\":\"BreadcrumbList\",\"@id\":\"https:\\\/\\\/www.eclatsdemail.com\\\/2019\\\/11\\\/25\\\/jour-11-ne-pas-oublier\\\/#breadcrumb\",\"itemListElement\":[{\"@type\":\"ListItem\",\"position\":1,\"name\":\"Accueil\",\"item\":\"https:\\\/\\\/www.eclatsdemail.com\\\/\"},{\"@type\":\"ListItem\",\"position\":2,\"name\":\"JOUR 11 : Ne pas oublier\"}]},{\"@type\":\"WebSite\",\"@id\":\"https:\\\/\\\/www.eclatsdemail.com\\\/#website\",\"url\":\"https:\\\/\\\/www.eclatsdemail.com\\\/\",\"name\":\"Festival \u00c9clats d&#039;\u00c9mail Jazz \u00c9dition\",\"description\":\"2024\",\"publisher\":{\"@id\":\"https:\\\/\\\/www.eclatsdemail.com\\\/#organization\"},\"potentialAction\":[{\"@type\":\"SearchAction\",\"target\":{\"@type\":\"EntryPoint\",\"urlTemplate\":\"https:\\\/\\\/www.eclatsdemail.com\\\/?s={search_term_string}\"},\"query-input\":{\"@type\":\"PropertyValueSpecification\",\"valueRequired\":true,\"valueName\":\"search_term_string\"}}],\"inLanguage\":\"en-GB\"},{\"@type\":\"Organization\",\"@id\":\"https:\\\/\\\/www.eclatsdemail.com\\\/#organization\",\"name\":\"Festival \u00c9clats d'\u00c9mail Jazz \u00c9dition\",\"url\":\"https:\\\/\\\/www.eclatsdemail.com\\\/\",\"logo\":{\"@type\":\"ImageObject\",\"inLanguage\":\"en-GB\",\"@id\":\"https:\\\/\\\/www.eclatsdemail.com\\\/#\\\/schema\\\/logo\\\/image\\\/\",\"url\":\"https:\\\/\\\/www.eclatsdemail.com\\\/wp-content\\\/uploads\\\/2022\\\/05\\\/cropped-logo2022.png\",\"contentUrl\":\"https:\\\/\\\/www.eclatsdemail.com\\\/wp-content\\\/uploads\\\/2022\\\/05\\\/cropped-logo2022.png\",\"width\":616,\"height\":100,\"caption\":\"Festival \u00c9clats d'\u00c9mail Jazz \u00c9dition\"},\"image\":{\"@id\":\"https:\\\/\\\/www.eclatsdemail.com\\\/#\\\/schema\\\/logo\\\/image\\\/\"},\"sameAs\":[\"https:\\\/\\\/www.facebook.com\\\/jazzeclatsdemail\",\"https:\\\/\\\/x.com\\\/eclatsemailjazz\",\"https:\\\/\\\/www.instagram.com\\\/Festival_Eclats_d_Email_JAZZ\\\/\"]},{\"@type\":\"Person\",\"@id\":\"https:\\\/\\\/www.eclatsdemail.com\\\/#\\\/schema\\\/person\\\/2029d40d8c6530367bbca3180e5cc771\",\"name\":\"webmaster\",\"image\":{\"@type\":\"ImageObject\",\"inLanguage\":\"en-GB\",\"@id\":\"https:\\\/\\\/secure.gravatar.com\\\/avatar\\\/33582f2397fd1937271398427a5a727b5de665bc4f224d466a522d78221f221d?s=96&d=mm&r=g\",\"url\":\"https:\\\/\\\/secure.gravatar.com\\\/avatar\\\/33582f2397fd1937271398427a5a727b5de665bc4f224d466a522d78221f221d?s=96&d=mm&r=g\",\"contentUrl\":\"https:\\\/\\\/secure.gravatar.com\\\/avatar\\\/33582f2397fd1937271398427a5a727b5de665bc4f224d466a522d78221f221d?s=96&d=mm&r=g\",\"caption\":\"webmaster\"},\"sameAs\":[\"http:\\\/\\\/s370308257.onlinehome.fr\\\/FEEV2\"],\"url\":\"https:\\\/\\\/www.eclatsdemail.com\\\/gb\\\/author\\\/webmaster\\\/\"}]}<\/script>\n<!-- \/ Yoast SEO plugin. -->","yoast_head_json":{"title":"JOUR 11 : Ne pas oublier - Festival \u00c9clats d&#039;\u00c9mail Jazz \u00c9dition","robots":{"index":"index","follow":"follow","max-snippet":"max-snippet:-1","max-image-preview":"max-image-preview:large","max-video-preview":"max-video-preview:-1"},"canonical":"https:\/\/www.eclatsdemail.com\/2019\/11\/25\/jour-11-ne-pas-oublier\/","og_locale":"en_GB","og_type":"article","og_title":"JOUR 11 : Ne pas oublier - Festival \u00c9clats d&#039;\u00c9mail Jazz \u00c9dition","og_url":"https:\/\/www.eclatsdemail.com\/2019\/11\/25\/jour-11-ne-pas-oublier\/","og_site_name":"Festival \u00c9clats d&#039;\u00c9mail Jazz \u00c9dition","article_publisher":"https:\/\/www.facebook.com\/jazzeclatsdemail","article_published_time":"2019-11-25T11:00:08+00:00","article_modified_time":"2022-06-23T11:45:20+00:00","og_image":[{"width":1200,"height":800,"url":"https:\/\/www.eclatsdemail.com\/wp-content\/uploads\/2019\/11\/yyyy.jpg","type":"image\/jpeg"}],"author":"webmaster","twitter_card":"summary_large_image","twitter_creator":"@eclatsemailjazz","twitter_site":"@eclatsemailjazz","twitter_misc":{"Written by":"webmaster","Est. reading time":"3 minutes"},"schema":{"@context":"https:\/\/schema.org","@graph":[{"@type":"Article","@id":"https:\/\/www.eclatsdemail.com\/2019\/11\/25\/jour-11-ne-pas-oublier\/#article","isPartOf":{"@id":"https:\/\/www.eclatsdemail.com\/2019\/11\/25\/jour-11-ne-pas-oublier\/"},"author":{"name":"webmaster","@id":"https:\/\/www.eclatsdemail.com\/#\/schema\/person\/2029d40d8c6530367bbca3180e5cc771"},"headline":"JOUR 11 : Ne pas oublier","datePublished":"2019-11-25T11:00:08+00:00","dateModified":"2022-06-23T11:45:20+00:00","mainEntityOfPage":{"@id":"https:\/\/www.eclatsdemail.com\/2019\/11\/25\/jour-11-ne-pas-oublier\/"},"wordCount":583,"publisher":{"@id":"https:\/\/www.eclatsdemail.com\/#organization"},"image":{"@id":"https:\/\/www.eclatsdemail.com\/2019\/11\/25\/jour-11-ne-pas-oublier\/#primaryimage"},"thumbnailUrl":"https:\/\/www.eclatsdemail.com\/wp-content\/uploads\/2019\/11\/yyyy.jpg","articleSection":["2019 edition"],"inLanguage":"en-GB"},{"@type":"WebPage","@id":"https:\/\/www.eclatsdemail.com\/2019\/11\/25\/jour-11-ne-pas-oublier\/","url":"https:\/\/www.eclatsdemail.com\/2019\/11\/25\/jour-11-ne-pas-oublier\/","name":"JOUR 11 : Ne pas oublier - Festival \u00c9clats d&#039;\u00c9mail Jazz \u00c9dition","isPartOf":{"@id":"https:\/\/www.eclatsdemail.com\/#website"},"primaryImageOfPage":{"@id":"https:\/\/www.eclatsdemail.com\/2019\/11\/25\/jour-11-ne-pas-oublier\/#primaryimage"},"image":{"@id":"https:\/\/www.eclatsdemail.com\/2019\/11\/25\/jour-11-ne-pas-oublier\/#primaryimage"},"thumbnailUrl":"https:\/\/www.eclatsdemail.com\/wp-content\/uploads\/2019\/11\/yyyy.jpg","datePublished":"2019-11-25T11:00:08+00:00","dateModified":"2022-06-23T11:45:20+00:00","breadcrumb":{"@id":"https:\/\/www.eclatsdemail.com\/2019\/11\/25\/jour-11-ne-pas-oublier\/#breadcrumb"},"inLanguage":"en-GB","potentialAction":[{"@type":"ReadAction","target":["https:\/\/www.eclatsdemail.com\/2019\/11\/25\/jour-11-ne-pas-oublier\/"]}]},{"@type":"ImageObject","inLanguage":"en-GB","@id":"https:\/\/www.eclatsdemail.com\/2019\/11\/25\/jour-11-ne-pas-oublier\/#primaryimage","url":"https:\/\/www.eclatsdemail.com\/wp-content\/uploads\/2019\/11\/yyyy.jpg","contentUrl":"https:\/\/www.eclatsdemail.com\/wp-content\/uploads\/2019\/11\/yyyy.jpg","width":1200,"height":800},{"@type":"BreadcrumbList","@id":"https:\/\/www.eclatsdemail.com\/2019\/11\/25\/jour-11-ne-pas-oublier\/#breadcrumb","itemListElement":[{"@type":"ListItem","position":1,"name":"Accueil","item":"https:\/\/www.eclatsdemail.com\/"},{"@type":"ListItem","position":2,"name":"JOUR 11 : Ne pas oublier"}]},{"@type":"WebSite","@id":"https:\/\/www.eclatsdemail.com\/#website","url":"https:\/\/www.eclatsdemail.com\/","name":"Festival \u00c9clats d&#039;\u00c9mail Jazz \u00c9dition","description":"2024","publisher":{"@id":"https:\/\/www.eclatsdemail.com\/#organization"},"potentialAction":[{"@type":"SearchAction","target":{"@type":"EntryPoint","urlTemplate":"https:\/\/www.eclatsdemail.com\/?s={search_term_string}"},"query-input":{"@type":"PropertyValueSpecification","valueRequired":true,"valueName":"search_term_string"}}],"inLanguage":"en-GB"},{"@type":"Organization","@id":"https:\/\/www.eclatsdemail.com\/#organization","name":"Festival \u00c9clats d'\u00c9mail Jazz \u00c9dition","url":"https:\/\/www.eclatsdemail.com\/","logo":{"@type":"ImageObject","inLanguage":"en-GB","@id":"https:\/\/www.eclatsdemail.com\/#\/schema\/logo\/image\/","url":"https:\/\/www.eclatsdemail.com\/wp-content\/uploads\/2022\/05\/cropped-logo2022.png","contentUrl":"https:\/\/www.eclatsdemail.com\/wp-content\/uploads\/2022\/05\/cropped-logo2022.png","width":616,"height":100,"caption":"Festival \u00c9clats d'\u00c9mail Jazz \u00c9dition"},"image":{"@id":"https:\/\/www.eclatsdemail.com\/#\/schema\/logo\/image\/"},"sameAs":["https:\/\/www.facebook.com\/jazzeclatsdemail","https:\/\/x.com\/eclatsemailjazz","https:\/\/www.instagram.com\/Festival_Eclats_d_Email_JAZZ\/"]},{"@type":"Person","@id":"https:\/\/www.eclatsdemail.com\/#\/schema\/person\/2029d40d8c6530367bbca3180e5cc771","name":"webmaster","image":{"@type":"ImageObject","inLanguage":"en-GB","@id":"https:\/\/secure.gravatar.com\/avatar\/33582f2397fd1937271398427a5a727b5de665bc4f224d466a522d78221f221d?s=96&d=mm&r=g","url":"https:\/\/secure.gravatar.com\/avatar\/33582f2397fd1937271398427a5a727b5de665bc4f224d466a522d78221f221d?s=96&d=mm&r=g","contentUrl":"https:\/\/secure.gravatar.com\/avatar\/33582f2397fd1937271398427a5a727b5de665bc4f224d466a522d78221f221d?s=96&d=mm&r=g","caption":"webmaster"},"sameAs":["http:\/\/s370308257.onlinehome.fr\/FEEV2"],"url":"https:\/\/www.eclatsdemail.com\/gb\/author\/webmaster\/"}]}},"_links":{"self":[{"href":"https:\/\/www.eclatsdemail.com\/gb\/wp-json\/wp\/v2\/posts\/6251","targetHints":{"allow":["GET"]}}],"collection":[{"href":"https:\/\/www.eclatsdemail.com\/gb\/wp-json\/wp\/v2\/posts"}],"about":[{"href":"https:\/\/www.eclatsdemail.com\/gb\/wp-json\/wp\/v2\/types\/post"}],"author":[{"embeddable":true,"href":"https:\/\/www.eclatsdemail.com\/gb\/wp-json\/wp\/v2\/users\/1"}],"replies":[{"embeddable":true,"href":"https:\/\/www.eclatsdemail.com\/gb\/wp-json\/wp\/v2\/comments?post=6251"}],"version-history":[{"count":5,"href":"https:\/\/www.eclatsdemail.com\/gb\/wp-json\/wp\/v2\/posts\/6251\/revisions"}],"predecessor-version":[{"id":8474,"href":"https:\/\/www.eclatsdemail.com\/gb\/wp-json\/wp\/v2\/posts\/6251\/revisions\/8474"}],"wp:featuredmedia":[{"embeddable":true,"href":"https:\/\/www.eclatsdemail.com\/gb\/wp-json\/wp\/v2\/media\/6254"}],"wp:attachment":[{"href":"https:\/\/www.eclatsdemail.com\/gb\/wp-json\/wp\/v2\/media?parent=6251"}],"wp:term":[{"taxonomy":"category","embeddable":true,"href":"https:\/\/www.eclatsdemail.com\/gb\/wp-json\/wp\/v2\/categories?post=6251"},{"taxonomy":"post_tag","embeddable":true,"href":"https:\/\/www.eclatsdemail.com\/gb\/wp-json\/wp\/v2\/tags?post=6251"}],"curies":[{"name":"wp","href":"https:\/\/api.w.org\/{rel}","templated":true}]}}