{"id":6227,"date":"2019-11-21T09:53:30","date_gmt":"2019-11-21T09:53:30","guid":{"rendered":"http:\/\/www.eclatsdemail.com\/?p=6227"},"modified":"2022-06-23T13:39:30","modified_gmt":"2022-06-23T11:39:30","slug":"jour-7-rencontre-manquee","status":"publish","type":"post","link":"https:\/\/www.eclatsdemail.com\/gb\/2019\/11\/21\/jour-7-rencontre-manquee\/","title":{"rendered":"JOUR 7 :  Rencontre manqu\u00e9e"},"content":{"rendered":"<p>Le public est debout. Les gens chantent, crient, dansent, tapent des mains. Ils semblent avoir pass\u00e9 un moment fabuleux. Alors pourquoi ne ressens-je rien ? Aucune vibration. Mon coeur bat normalement, doucement. Je suis assis dans mon fauteuil, les musiciens de Shirley Davis jouent parfaitement, et la chanteuse anglo-saxonne chante divinement. Rien ne se passe en moi.<\/p>\n<p>Cela arrive parfois. C\u2019est rare, mais cela arrive. La rencontre ne se fait pas. Je ne me connecte pas \u00e0 l\u2019artiste, je n\u2019arrive pas \u00e0 le comprendre, \u00e0 l\u2019entendre. Que faire alors ? Ecrire un texte \u00e0 charge et descendre un artiste alors m\u00eame que la salle enti\u00e8re semble avoir pass\u00e9 un agr\u00e9able moment ? Mais qui suis-je donc pour nier le plaisir de plus de 300 personnes ? Alors, dans ces cas-l\u00e0, je m\u2019attache \u00e0 comprendre ce qui n\u2019a pas fonctionn\u00e9. Plut\u00f4t que de foncer dans ma chambre d\u2019h\u00f4tel pour capturer l\u2019essence de mes sentiments, je prends un peu plus de temps pour analyser. Comprendre pourquoi les autres et pas moi. Essayons.<\/p>\n<p>Je vois tout de suite un premier \u00e9l\u00e9ment qui explique mon apathie. Alors que le concert a \u00e0 peine commenc\u00e9, et que les musiciens commencent \u00e0 jouer seuls sur un air annonciateur d\u2019une bonne soir\u00e9e et qui me r\u00e9jouit, le guitariste du groupe Eduardo Martinez se pr\u00e9sente au micro pour annoncer Shirley Davis \u00e0 grand renfort de superlatifs &#8211; et pourtant je ne suis jamais le dernier \u00e0 en abuser -. Premier blocage. Dans la mesure o\u00f9 j\u2019\u00e9coute majoritairement du jazz, je suis habitu\u00e9 \u00e0 l\u2019unit\u00e9 d\u2019un groupe, et je vois ici une premi\u00e8re d\u00e9marcation qui me d\u00e9range entre la chanteuse et les musiciens. C\u2019est une pr\u00e9sentation pourtant courante dans d\u2019autres styles de musique, mais je n\u2019en suis malheureusement pas coutumier. Et je ne suis pas non plus coutumier du fait que le leader d\u2019une formation n\u2019annonce ses musiciens \u00e0 un moment ou \u00e0 un autre, laissant le soin \u00e0 l\u2019un d\u2019eux de s\u2019en charger.<\/p>\n<p>Ensuite, j\u2019ai la sensation tout au long du concert de vivre un moment fabriqu\u00e9. Je ressens la fa\u00e7on dont Shirley Davis s\u2019adresse au public comme une injonction, une obligation \u00e0 lui ob\u00e9ir. Il ne me semble pas que l\u2019on me propose de danser, mais que l\u2019on me l\u2019ordonne. Cette sensation ira m\u00eame jusqu\u2019au malaise lorsque la chanteuse apostrophe une \u00e0 une les femmes qui ne se sont pas lev\u00e9es \u00e0 sa demande. Il est \u00e9vident que Shirley Davis souhaite partager avec le public, qu\u2019elle souhaite qu\u2019il y ait un \u00e9change avec l\u2019audience. Mais ce n\u2019est selon moi pas la meilleure fa\u00e7on de proc\u00e9der. La musique suffit. Lorsque l\u2019on met les bons ingr\u00e9dients, les bons sentiments, je pense que le public le ressent et se l\u00e8ve sans que l\u2019on ait \u00e0 lui demander de fa\u00e7on si v\u00e9h\u00e9mente.<\/p>\n<p>Enfin, une derni\u00e8re chose m\u2019a d\u00e9rang\u00e9. Il est tout \u00e0 fait normal de glisser quelques mots sur son dernier album pour en faire la promotion, tous les artistes le font car c\u2019est tout simplement n\u00e9cessaire. Ce soir, les deux albums de Shirley Davis &#038; The Silverbacks \u00e9taient entrepos\u00e9s sur sc\u00e8ne, et la chanteuse a pris le temps d\u2019en faire la promotion \u00e0 deux reprises. Encore une fois, il est peut-\u00eatre question de ce dont j\u2019ai l\u2019habitude, de mon c\u00f4t\u00e9 trop fran\u00e7ais sur les questions p\u00e9cuniaires. Toujours est-il que cela m\u2019a \u00e9galement d\u00e9plu.<\/p>\n<p>Les rencontres n\u2019ont pas toujours lieu. Ce soir, elle n\u2019a pas eu lieu, pour moi. Mais ce n\u2019est pas le plus important, si elle a eu lieu pour toutes les autres personnes pr\u00e9sentes.<\/p>\n<p>photo : Didier Radiguet<\/p>\n","protected":false},"excerpt":{"rendered":"<p>Shirley Davis &#038; The Silverbacks<\/p>\n","protected":false},"author":1,"featured_media":6230,"comment_status":"closed","ping_status":"closed","sticky":false,"template":"","format":"standard","meta":{"footnotes":""},"categories":[37],"tags":[],"class_list":["post-6227","post","type-post","status-publish","format-standard","has-post-thumbnail","hentry","category-edition-2019"],"translation":{"provider":"WPGlobus","version":"3.0.2","language":"gb","enabled_languages":["fr","gb"],"languages":{"fr":{"title":true,"content":true,"excerpt":true},"gb":{"title":false,"content":false,"excerpt":false}}},"yoast_head":"<!-- This site is optimized with the Yoast SEO plugin v27.4 - https:\/\/yoast.com\/product\/yoast-seo-wordpress\/ -->\n<title>JOUR 7 : Rencontre manqu\u00e9e - Festival \u00c9clats d&#039;\u00c9mail Jazz \u00c9dition<\/title>\n<meta name=\"robots\" content=\"index, follow, max-snippet:-1, max-image-preview:large, max-video-preview:-1\" \/>\n<link rel=\"canonical\" href=\"https:\/\/www.eclatsdemail.com\/2019\/11\/21\/jour-7-rencontre-manquee\/\" \/>\n<meta property=\"og:locale\" content=\"en_GB\" \/>\n<meta property=\"og:type\" content=\"article\" \/>\n<meta property=\"og:title\" content=\"JOUR 7 : Rencontre manqu\u00e9e - Festival \u00c9clats d&#039;\u00c9mail Jazz \u00c9dition\" \/>\n<meta property=\"og:url\" content=\"https:\/\/www.eclatsdemail.com\/2019\/11\/21\/jour-7-rencontre-manquee\/\" \/>\n<meta property=\"og:site_name\" content=\"Festival \u00c9clats d&#039;\u00c9mail Jazz \u00c9dition\" \/>\n<meta property=\"article:publisher\" content=\"https:\/\/www.facebook.com\/jazzeclatsdemail\" \/>\n<meta property=\"article:published_time\" content=\"2019-11-21T09:53:30+00:00\" \/>\n<meta property=\"article:modified_time\" content=\"2022-06-23T11:39:30+00:00\" \/>\n<meta property=\"og:image\" content=\"https:\/\/www.eclatsdemail.com\/wp-content\/uploads\/2019\/11\/1-1.jpg\" \/>\n\t<meta property=\"og:image:width\" content=\"1200\" \/>\n\t<meta property=\"og:image:height\" content=\"800\" \/>\n\t<meta property=\"og:image:type\" content=\"image\/jpeg\" \/>\n<meta name=\"author\" content=\"webmaster\" \/>\n<meta name=\"twitter:card\" content=\"summary_large_image\" \/>\n<meta name=\"twitter:creator\" content=\"@eclatsemailjazz\" \/>\n<meta name=\"twitter:site\" content=\"@eclatsemailjazz\" \/>\n<meta name=\"twitter:label1\" content=\"Written by\" \/>\n\t<meta name=\"twitter:data1\" content=\"webmaster\" \/>\n\t<meta name=\"twitter:label2\" content=\"Est. reading time\" \/>\n\t<meta name=\"twitter:data2\" content=\"3 minutes\" \/>\n<script type=\"application\/ld+json\" class=\"yoast-schema-graph\">{\"@context\":\"https:\\\/\\\/schema.org\",\"@graph\":[{\"@type\":\"Article\",\"@id\":\"https:\\\/\\\/www.eclatsdemail.com\\\/2019\\\/11\\\/21\\\/jour-7-rencontre-manquee\\\/#article\",\"isPartOf\":{\"@id\":\"https:\\\/\\\/www.eclatsdemail.com\\\/2019\\\/11\\\/21\\\/jour-7-rencontre-manquee\\\/\"},\"author\":{\"name\":\"webmaster\",\"@id\":\"https:\\\/\\\/www.eclatsdemail.com\\\/#\\\/schema\\\/person\\\/2029d40d8c6530367bbca3180e5cc771\"},\"headline\":\"JOUR 7 : Rencontre manqu\u00e9e\",\"datePublished\":\"2019-11-21T09:53:30+00:00\",\"dateModified\":\"2022-06-23T11:39:30+00:00\",\"mainEntityOfPage\":{\"@id\":\"https:\\\/\\\/www.eclatsdemail.com\\\/2019\\\/11\\\/21\\\/jour-7-rencontre-manquee\\\/\"},\"wordCount\":644,\"publisher\":{\"@id\":\"https:\\\/\\\/www.eclatsdemail.com\\\/#organization\"},\"image\":{\"@id\":\"https:\\\/\\\/www.eclatsdemail.com\\\/2019\\\/11\\\/21\\\/jour-7-rencontre-manquee\\\/#primaryimage\"},\"thumbnailUrl\":\"https:\\\/\\\/www.eclatsdemail.com\\\/wp-content\\\/uploads\\\/2019\\\/11\\\/1-1.jpg\",\"articleSection\":[\"2019 edition\"],\"inLanguage\":\"en-GB\"},{\"@type\":\"WebPage\",\"@id\":\"https:\\\/\\\/www.eclatsdemail.com\\\/2019\\\/11\\\/21\\\/jour-7-rencontre-manquee\\\/\",\"url\":\"https:\\\/\\\/www.eclatsdemail.com\\\/2019\\\/11\\\/21\\\/jour-7-rencontre-manquee\\\/\",\"name\":\"JOUR 7 : Rencontre manqu\u00e9e - Festival \u00c9clats d&#039;\u00c9mail Jazz \u00c9dition\",\"isPartOf\":{\"@id\":\"https:\\\/\\\/www.eclatsdemail.com\\\/#website\"},\"primaryImageOfPage\":{\"@id\":\"https:\\\/\\\/www.eclatsdemail.com\\\/2019\\\/11\\\/21\\\/jour-7-rencontre-manquee\\\/#primaryimage\"},\"image\":{\"@id\":\"https:\\\/\\\/www.eclatsdemail.com\\\/2019\\\/11\\\/21\\\/jour-7-rencontre-manquee\\\/#primaryimage\"},\"thumbnailUrl\":\"https:\\\/\\\/www.eclatsdemail.com\\\/wp-content\\\/uploads\\\/2019\\\/11\\\/1-1.jpg\",\"datePublished\":\"2019-11-21T09:53:30+00:00\",\"dateModified\":\"2022-06-23T11:39:30+00:00\",\"breadcrumb\":{\"@id\":\"https:\\\/\\\/www.eclatsdemail.com\\\/2019\\\/11\\\/21\\\/jour-7-rencontre-manquee\\\/#breadcrumb\"},\"inLanguage\":\"en-GB\",\"potentialAction\":[{\"@type\":\"ReadAction\",\"target\":[\"https:\\\/\\\/www.eclatsdemail.com\\\/2019\\\/11\\\/21\\\/jour-7-rencontre-manquee\\\/\"]}]},{\"@type\":\"ImageObject\",\"inLanguage\":\"en-GB\",\"@id\":\"https:\\\/\\\/www.eclatsdemail.com\\\/2019\\\/11\\\/21\\\/jour-7-rencontre-manquee\\\/#primaryimage\",\"url\":\"https:\\\/\\\/www.eclatsdemail.com\\\/wp-content\\\/uploads\\\/2019\\\/11\\\/1-1.jpg\",\"contentUrl\":\"https:\\\/\\\/www.eclatsdemail.com\\\/wp-content\\\/uploads\\\/2019\\\/11\\\/1-1.jpg\",\"width\":1200,\"height\":800},{\"@type\":\"BreadcrumbList\",\"@id\":\"https:\\\/\\\/www.eclatsdemail.com\\\/2019\\\/11\\\/21\\\/jour-7-rencontre-manquee\\\/#breadcrumb\",\"itemListElement\":[{\"@type\":\"ListItem\",\"position\":1,\"name\":\"Accueil\",\"item\":\"https:\\\/\\\/www.eclatsdemail.com\\\/\"},{\"@type\":\"ListItem\",\"position\":2,\"name\":\"JOUR 7 : Rencontre manqu\u00e9e\"}]},{\"@type\":\"WebSite\",\"@id\":\"https:\\\/\\\/www.eclatsdemail.com\\\/#website\",\"url\":\"https:\\\/\\\/www.eclatsdemail.com\\\/\",\"name\":\"Festival \u00c9clats d&#039;\u00c9mail Jazz \u00c9dition\",\"description\":\"2024\",\"publisher\":{\"@id\":\"https:\\\/\\\/www.eclatsdemail.com\\\/#organization\"},\"potentialAction\":[{\"@type\":\"SearchAction\",\"target\":{\"@type\":\"EntryPoint\",\"urlTemplate\":\"https:\\\/\\\/www.eclatsdemail.com\\\/?s={search_term_string}\"},\"query-input\":{\"@type\":\"PropertyValueSpecification\",\"valueRequired\":true,\"valueName\":\"search_term_string\"}}],\"inLanguage\":\"en-GB\"},{\"@type\":\"Organization\",\"@id\":\"https:\\\/\\\/www.eclatsdemail.com\\\/#organization\",\"name\":\"Festival \u00c9clats d'\u00c9mail Jazz \u00c9dition\",\"url\":\"https:\\\/\\\/www.eclatsdemail.com\\\/\",\"logo\":{\"@type\":\"ImageObject\",\"inLanguage\":\"en-GB\",\"@id\":\"https:\\\/\\\/www.eclatsdemail.com\\\/#\\\/schema\\\/logo\\\/image\\\/\",\"url\":\"https:\\\/\\\/www.eclatsdemail.com\\\/wp-content\\\/uploads\\\/2022\\\/05\\\/cropped-logo2022.png\",\"contentUrl\":\"https:\\\/\\\/www.eclatsdemail.com\\\/wp-content\\\/uploads\\\/2022\\\/05\\\/cropped-logo2022.png\",\"width\":616,\"height\":100,\"caption\":\"Festival \u00c9clats d'\u00c9mail Jazz \u00c9dition\"},\"image\":{\"@id\":\"https:\\\/\\\/www.eclatsdemail.com\\\/#\\\/schema\\\/logo\\\/image\\\/\"},\"sameAs\":[\"https:\\\/\\\/www.facebook.com\\\/jazzeclatsdemail\",\"https:\\\/\\\/x.com\\\/eclatsemailjazz\",\"https:\\\/\\\/www.instagram.com\\\/Festival_Eclats_d_Email_JAZZ\\\/\"]},{\"@type\":\"Person\",\"@id\":\"https:\\\/\\\/www.eclatsdemail.com\\\/#\\\/schema\\\/person\\\/2029d40d8c6530367bbca3180e5cc771\",\"name\":\"webmaster\",\"image\":{\"@type\":\"ImageObject\",\"inLanguage\":\"en-GB\",\"@id\":\"https:\\\/\\\/secure.gravatar.com\\\/avatar\\\/33582f2397fd1937271398427a5a727b5de665bc4f224d466a522d78221f221d?s=96&d=mm&r=g\",\"url\":\"https:\\\/\\\/secure.gravatar.com\\\/avatar\\\/33582f2397fd1937271398427a5a727b5de665bc4f224d466a522d78221f221d?s=96&d=mm&r=g\",\"contentUrl\":\"https:\\\/\\\/secure.gravatar.com\\\/avatar\\\/33582f2397fd1937271398427a5a727b5de665bc4f224d466a522d78221f221d?s=96&d=mm&r=g\",\"caption\":\"webmaster\"},\"sameAs\":[\"http:\\\/\\\/s370308257.onlinehome.fr\\\/FEEV2\"],\"url\":\"https:\\\/\\\/www.eclatsdemail.com\\\/gb\\\/author\\\/webmaster\\\/\"}]}<\/script>\n<!-- \/ Yoast SEO plugin. -->","yoast_head_json":{"title":"JOUR 7 : Rencontre manqu\u00e9e - Festival \u00c9clats d&#039;\u00c9mail Jazz \u00c9dition","robots":{"index":"index","follow":"follow","max-snippet":"max-snippet:-1","max-image-preview":"max-image-preview:large","max-video-preview":"max-video-preview:-1"},"canonical":"https:\/\/www.eclatsdemail.com\/2019\/11\/21\/jour-7-rencontre-manquee\/","og_locale":"en_GB","og_type":"article","og_title":"JOUR 7 : Rencontre manqu\u00e9e - Festival \u00c9clats d&#039;\u00c9mail Jazz \u00c9dition","og_url":"https:\/\/www.eclatsdemail.com\/2019\/11\/21\/jour-7-rencontre-manquee\/","og_site_name":"Festival \u00c9clats d&#039;\u00c9mail Jazz \u00c9dition","article_publisher":"https:\/\/www.facebook.com\/jazzeclatsdemail","article_published_time":"2019-11-21T09:53:30+00:00","article_modified_time":"2022-06-23T11:39:30+00:00","og_image":[{"width":1200,"height":800,"url":"https:\/\/www.eclatsdemail.com\/wp-content\/uploads\/2019\/11\/1-1.jpg","type":"image\/jpeg"}],"author":"webmaster","twitter_card":"summary_large_image","twitter_creator":"@eclatsemailjazz","twitter_site":"@eclatsemailjazz","twitter_misc":{"Written by":"webmaster","Est. reading time":"3 minutes"},"schema":{"@context":"https:\/\/schema.org","@graph":[{"@type":"Article","@id":"https:\/\/www.eclatsdemail.com\/2019\/11\/21\/jour-7-rencontre-manquee\/#article","isPartOf":{"@id":"https:\/\/www.eclatsdemail.com\/2019\/11\/21\/jour-7-rencontre-manquee\/"},"author":{"name":"webmaster","@id":"https:\/\/www.eclatsdemail.com\/#\/schema\/person\/2029d40d8c6530367bbca3180e5cc771"},"headline":"JOUR 7 : Rencontre manqu\u00e9e","datePublished":"2019-11-21T09:53:30+00:00","dateModified":"2022-06-23T11:39:30+00:00","mainEntityOfPage":{"@id":"https:\/\/www.eclatsdemail.com\/2019\/11\/21\/jour-7-rencontre-manquee\/"},"wordCount":644,"publisher":{"@id":"https:\/\/www.eclatsdemail.com\/#organization"},"image":{"@id":"https:\/\/www.eclatsdemail.com\/2019\/11\/21\/jour-7-rencontre-manquee\/#primaryimage"},"thumbnailUrl":"https:\/\/www.eclatsdemail.com\/wp-content\/uploads\/2019\/11\/1-1.jpg","articleSection":["2019 edition"],"inLanguage":"en-GB"},{"@type":"WebPage","@id":"https:\/\/www.eclatsdemail.com\/2019\/11\/21\/jour-7-rencontre-manquee\/","url":"https:\/\/www.eclatsdemail.com\/2019\/11\/21\/jour-7-rencontre-manquee\/","name":"JOUR 7 : Rencontre manqu\u00e9e - Festival \u00c9clats d&#039;\u00c9mail Jazz \u00c9dition","isPartOf":{"@id":"https:\/\/www.eclatsdemail.com\/#website"},"primaryImageOfPage":{"@id":"https:\/\/www.eclatsdemail.com\/2019\/11\/21\/jour-7-rencontre-manquee\/#primaryimage"},"image":{"@id":"https:\/\/www.eclatsdemail.com\/2019\/11\/21\/jour-7-rencontre-manquee\/#primaryimage"},"thumbnailUrl":"https:\/\/www.eclatsdemail.com\/wp-content\/uploads\/2019\/11\/1-1.jpg","datePublished":"2019-11-21T09:53:30+00:00","dateModified":"2022-06-23T11:39:30+00:00","breadcrumb":{"@id":"https:\/\/www.eclatsdemail.com\/2019\/11\/21\/jour-7-rencontre-manquee\/#breadcrumb"},"inLanguage":"en-GB","potentialAction":[{"@type":"ReadAction","target":["https:\/\/www.eclatsdemail.com\/2019\/11\/21\/jour-7-rencontre-manquee\/"]}]},{"@type":"ImageObject","inLanguage":"en-GB","@id":"https:\/\/www.eclatsdemail.com\/2019\/11\/21\/jour-7-rencontre-manquee\/#primaryimage","url":"https:\/\/www.eclatsdemail.com\/wp-content\/uploads\/2019\/11\/1-1.jpg","contentUrl":"https:\/\/www.eclatsdemail.com\/wp-content\/uploads\/2019\/11\/1-1.jpg","width":1200,"height":800},{"@type":"BreadcrumbList","@id":"https:\/\/www.eclatsdemail.com\/2019\/11\/21\/jour-7-rencontre-manquee\/#breadcrumb","itemListElement":[{"@type":"ListItem","position":1,"name":"Accueil","item":"https:\/\/www.eclatsdemail.com\/"},{"@type":"ListItem","position":2,"name":"JOUR 7 : Rencontre manqu\u00e9e"}]},{"@type":"WebSite","@id":"https:\/\/www.eclatsdemail.com\/#website","url":"https:\/\/www.eclatsdemail.com\/","name":"Festival \u00c9clats d&#039;\u00c9mail Jazz \u00c9dition","description":"2024","publisher":{"@id":"https:\/\/www.eclatsdemail.com\/#organization"},"potentialAction":[{"@type":"SearchAction","target":{"@type":"EntryPoint","urlTemplate":"https:\/\/www.eclatsdemail.com\/?s={search_term_string}"},"query-input":{"@type":"PropertyValueSpecification","valueRequired":true,"valueName":"search_term_string"}}],"inLanguage":"en-GB"},{"@type":"Organization","@id":"https:\/\/www.eclatsdemail.com\/#organization","name":"Festival \u00c9clats d'\u00c9mail Jazz \u00c9dition","url":"https:\/\/www.eclatsdemail.com\/","logo":{"@type":"ImageObject","inLanguage":"en-GB","@id":"https:\/\/www.eclatsdemail.com\/#\/schema\/logo\/image\/","url":"https:\/\/www.eclatsdemail.com\/wp-content\/uploads\/2022\/05\/cropped-logo2022.png","contentUrl":"https:\/\/www.eclatsdemail.com\/wp-content\/uploads\/2022\/05\/cropped-logo2022.png","width":616,"height":100,"caption":"Festival \u00c9clats d'\u00c9mail Jazz \u00c9dition"},"image":{"@id":"https:\/\/www.eclatsdemail.com\/#\/schema\/logo\/image\/"},"sameAs":["https:\/\/www.facebook.com\/jazzeclatsdemail","https:\/\/x.com\/eclatsemailjazz","https:\/\/www.instagram.com\/Festival_Eclats_d_Email_JAZZ\/"]},{"@type":"Person","@id":"https:\/\/www.eclatsdemail.com\/#\/schema\/person\/2029d40d8c6530367bbca3180e5cc771","name":"webmaster","image":{"@type":"ImageObject","inLanguage":"en-GB","@id":"https:\/\/secure.gravatar.com\/avatar\/33582f2397fd1937271398427a5a727b5de665bc4f224d466a522d78221f221d?s=96&d=mm&r=g","url":"https:\/\/secure.gravatar.com\/avatar\/33582f2397fd1937271398427a5a727b5de665bc4f224d466a522d78221f221d?s=96&d=mm&r=g","contentUrl":"https:\/\/secure.gravatar.com\/avatar\/33582f2397fd1937271398427a5a727b5de665bc4f224d466a522d78221f221d?s=96&d=mm&r=g","caption":"webmaster"},"sameAs":["http:\/\/s370308257.onlinehome.fr\/FEEV2"],"url":"https:\/\/www.eclatsdemail.com\/gb\/author\/webmaster\/"}]}},"_links":{"self":[{"href":"https:\/\/www.eclatsdemail.com\/gb\/wp-json\/wp\/v2\/posts\/6227","targetHints":{"allow":["GET"]}}],"collection":[{"href":"https:\/\/www.eclatsdemail.com\/gb\/wp-json\/wp\/v2\/posts"}],"about":[{"href":"https:\/\/www.eclatsdemail.com\/gb\/wp-json\/wp\/v2\/types\/post"}],"author":[{"embeddable":true,"href":"https:\/\/www.eclatsdemail.com\/gb\/wp-json\/wp\/v2\/users\/1"}],"replies":[{"embeddable":true,"href":"https:\/\/www.eclatsdemail.com\/gb\/wp-json\/wp\/v2\/comments?post=6227"}],"version-history":[{"count":2,"href":"https:\/\/www.eclatsdemail.com\/gb\/wp-json\/wp\/v2\/posts\/6227\/revisions"}],"predecessor-version":[{"id":8470,"href":"https:\/\/www.eclatsdemail.com\/gb\/wp-json\/wp\/v2\/posts\/6227\/revisions\/8470"}],"wp:featuredmedia":[{"embeddable":true,"href":"https:\/\/www.eclatsdemail.com\/gb\/wp-json\/wp\/v2\/media\/6230"}],"wp:attachment":[{"href":"https:\/\/www.eclatsdemail.com\/gb\/wp-json\/wp\/v2\/media?parent=6227"}],"wp:term":[{"taxonomy":"category","embeddable":true,"href":"https:\/\/www.eclatsdemail.com\/gb\/wp-json\/wp\/v2\/categories?post=6227"},{"taxonomy":"post_tag","embeddable":true,"href":"https:\/\/www.eclatsdemail.com\/gb\/wp-json\/wp\/v2\/tags?post=6227"}],"curies":[{"name":"wp","href":"https:\/\/api.w.org\/{rel}","templated":true}]}}