{"id":6177,"date":"2019-11-17T17:50:17","date_gmt":"2019-11-17T17:50:17","guid":{"rendered":"http:\/\/www.eclatsdemail.com\/?p=6177"},"modified":"2022-06-23T13:38:27","modified_gmt":"2022-06-23T11:38:27","slug":"jour-3-apres-la-pluie-viennent-les-brulures-incandescentes","status":"publish","type":"post","link":"https:\/\/www.eclatsdemail.com\/gb\/2019\/11\/17\/jour-3-apres-la-pluie-viennent-les-brulures-incandescentes\/","title":{"rendered":"JOUR 3 : Apr\u00e8s la pluie viennent les br\u00fblures incandescentes"},"content":{"rendered":"<p>Fine pluie, froid mordant, le trajet jusqu&#8217;au clo\u00eetre des franciscains est toujours une petite \u00e9preuve qu&#8217;il faut savoir accueillir avec bienveillance. Apr\u00e8s la pluie, vient le beau temps. Le soleil de ce matin s&#8217;appelle Mangane, et il va \u00e9mailler l&#8217;IF d&#8217;une musique au langage universel. Mangane chante en anglais, en peul, en wolof, en fran\u00e7ais, mais nous offre tout au long du concert un marche pied pour d\u00e9passer cette barri\u00e8re. Il nous invite \u00e0 d\u00e9couvrir la richesse de son monde, son m\u00e9tissage, un pan minuscule d&#8217;une culture majuscule, et qui nous ouvre pourtant une myriade d&#8217;horizons chantants. M\u00eame lorsqu&#8217;il aborde des sujets durs, des sujets d&#8217;une violence inou\u00efe, comme la travers\u00e9e de la M\u00e9diterran\u00e9e pour essayer de rencontrer un monde meilleur en France &#8211; et nous savons bien que notre cher pays n&#8217;est pas ou plus la terre d&#8217;accueil dont nous souhaiterions r\u00eaver- Mangane garde un sourire \u00e9clatant, nous invite \u00e0 le rejoindre, \u00e0 chanter, taper des mains, \u00e0 imiter le bruit de la mer qui tape sur l&#8217;embarcation de fortune d&#8217;un groupe de courageux. Transmettre un message, simple, universel, le partager simplement, humblement et avec une d\u00e9licatesse merveilleuse. Dans cet \u00e9troit couloir, Mangane a su nous offrir un grand moment sensible.\u00a0<\/p>\n<p>Beaucoup plus tard, apr\u00e8s avoir v\u00e9cu un si\u00e8cle de musique avec Uriel Herman, il fallait une fois encore accepter l&#8217;animosit\u00e9 climatique pour se rendre jusqu&#8217;\u00e0 l&#8217;Ambassade et y retrouver Nina Papa. Et une fois de plus, le r\u00e9confort a rev\u00eatu une parure \u00e9quatoriale. Si l&#8217;on ne conna\u00eet pas la chanteuse br\u00e9silienne, on pouvait d\u00e9j\u00e0 se fier aux musiciens avec qui elle a l&#8217;habitude de jouer, musiciens parmis lesquels un certain Baptiste Herbin, saxophoniste volubile \u00e9minent de la sc\u00e8ne fran\u00e7aise. Ce soir, Baptiste Herbin n&#8217;est pas l\u00e0. Ce serait faire une grave erreur que de croire un seul instant que la prestation du quartet pourrait s&#8217;en ressentir. Entre Marc Peillon, B\u00e9atrice Alunni et C\u00e9dric Le Donne, Nina Papa est entour\u00e9e d&#8217;instrumentistes accomplis et, on le devine dans leur regard, fiers de pouvoir partager la sc\u00e8ne avec Ph\u00e9bus. La girandole du soir propose un savant m\u00e9lange d&#8217;interpr\u00e9tations illumin\u00e9es de tr\u00e8s grandes compositions de la chanson fran\u00e7aise, de grands standards du patrimoine br\u00e9silien, et de compositions iridescentes. Que la lumi\u00e8re soit.<\/p>\n<p>photo : Didier Radiguet<\/p>\n","protected":false},"excerpt":{"rendered":"<p>Mangane, Nina Papa<\/p>\n","protected":false},"author":1,"featured_media":6187,"comment_status":"closed","ping_status":"closed","sticky":false,"template":"","format":"standard","meta":{"footnotes":""},"categories":[37],"tags":[],"class_list":["post-6177","post","type-post","status-publish","format-standard","has-post-thumbnail","hentry","category-edition-2019"],"translation":{"provider":"WPGlobus","version":"3.0.2","language":"gb","enabled_languages":["fr","gb"],"languages":{"fr":{"title":true,"content":true,"excerpt":true},"gb":{"title":false,"content":false,"excerpt":false}}},"yoast_head":"<!-- This site is optimized with the Yoast SEO plugin v27.4 - https:\/\/yoast.com\/product\/yoast-seo-wordpress\/ -->\n<title>JOUR 3 : Apr\u00e8s la pluie viennent les br\u00fblures incandescentes - Festival \u00c9clats d&#039;\u00c9mail Jazz \u00c9dition<\/title>\n<meta name=\"robots\" content=\"index, follow, max-snippet:-1, max-image-preview:large, max-video-preview:-1\" \/>\n<link rel=\"canonical\" href=\"https:\/\/www.eclatsdemail.com\/2019\/11\/17\/jour-3-apres-la-pluie-viennent-les-brulures-incandescentes\/\" \/>\n<meta property=\"og:locale\" content=\"en_GB\" \/>\n<meta property=\"og:type\" content=\"article\" \/>\n<meta property=\"og:title\" content=\"JOUR 3 : Apr\u00e8s la pluie viennent les br\u00fblures incandescentes - Festival \u00c9clats d&#039;\u00c9mail Jazz \u00c9dition\" \/>\n<meta property=\"og:url\" content=\"https:\/\/www.eclatsdemail.com\/2019\/11\/17\/jour-3-apres-la-pluie-viennent-les-brulures-incandescentes\/\" \/>\n<meta property=\"og:site_name\" content=\"Festival \u00c9clats d&#039;\u00c9mail Jazz \u00c9dition\" \/>\n<meta property=\"article:publisher\" content=\"https:\/\/www.facebook.com\/jazzeclatsdemail\" \/>\n<meta property=\"article:published_time\" content=\"2019-11-17T17:50:17+00:00\" \/>\n<meta property=\"article:modified_time\" content=\"2022-06-23T11:38:27+00:00\" \/>\n<meta property=\"og:image\" content=\"https:\/\/www.eclatsdemail.com\/wp-content\/uploads\/2019\/11\/mangane.jpg\" \/>\n\t<meta property=\"og:image:width\" content=\"1200\" \/>\n\t<meta property=\"og:image:height\" content=\"800\" \/>\n\t<meta property=\"og:image:type\" content=\"image\/jpeg\" \/>\n<meta name=\"author\" content=\"webmaster\" \/>\n<meta name=\"twitter:card\" content=\"summary_large_image\" \/>\n<meta name=\"twitter:creator\" content=\"@eclatsemailjazz\" \/>\n<meta name=\"twitter:site\" content=\"@eclatsemailjazz\" \/>\n<meta name=\"twitter:label1\" content=\"Written by\" \/>\n\t<meta name=\"twitter:data1\" content=\"webmaster\" \/>\n\t<meta name=\"twitter:label2\" content=\"Est. reading time\" \/>\n\t<meta name=\"twitter:data2\" content=\"2 minutes\" \/>\n<script type=\"application\/ld+json\" class=\"yoast-schema-graph\">{\"@context\":\"https:\\\/\\\/schema.org\",\"@graph\":[{\"@type\":\"Article\",\"@id\":\"https:\\\/\\\/www.eclatsdemail.com\\\/2019\\\/11\\\/17\\\/jour-3-apres-la-pluie-viennent-les-brulures-incandescentes\\\/#article\",\"isPartOf\":{\"@id\":\"https:\\\/\\\/www.eclatsdemail.com\\\/2019\\\/11\\\/17\\\/jour-3-apres-la-pluie-viennent-les-brulures-incandescentes\\\/\"},\"author\":{\"name\":\"webmaster\",\"@id\":\"https:\\\/\\\/www.eclatsdemail.com\\\/#\\\/schema\\\/person\\\/2029d40d8c6530367bbca3180e5cc771\"},\"headline\":\"JOUR 3 : Apr\u00e8s la pluie viennent les br\u00fblures incandescentes\",\"datePublished\":\"2019-11-17T17:50:17+00:00\",\"dateModified\":\"2022-06-23T11:38:27+00:00\",\"mainEntityOfPage\":{\"@id\":\"https:\\\/\\\/www.eclatsdemail.com\\\/2019\\\/11\\\/17\\\/jour-3-apres-la-pluie-viennent-les-brulures-incandescentes\\\/\"},\"wordCount\":436,\"publisher\":{\"@id\":\"https:\\\/\\\/www.eclatsdemail.com\\\/#organization\"},\"image\":{\"@id\":\"https:\\\/\\\/www.eclatsdemail.com\\\/2019\\\/11\\\/17\\\/jour-3-apres-la-pluie-viennent-les-brulures-incandescentes\\\/#primaryimage\"},\"thumbnailUrl\":\"https:\\\/\\\/www.eclatsdemail.com\\\/wp-content\\\/uploads\\\/2019\\\/11\\\/mangane.jpg\",\"articleSection\":[\"2019 edition\"],\"inLanguage\":\"en-GB\"},{\"@type\":\"WebPage\",\"@id\":\"https:\\\/\\\/www.eclatsdemail.com\\\/2019\\\/11\\\/17\\\/jour-3-apres-la-pluie-viennent-les-brulures-incandescentes\\\/\",\"url\":\"https:\\\/\\\/www.eclatsdemail.com\\\/2019\\\/11\\\/17\\\/jour-3-apres-la-pluie-viennent-les-brulures-incandescentes\\\/\",\"name\":\"JOUR 3 : Apr\u00e8s la pluie viennent les br\u00fblures incandescentes - Festival \u00c9clats d&#039;\u00c9mail Jazz \u00c9dition\",\"isPartOf\":{\"@id\":\"https:\\\/\\\/www.eclatsdemail.com\\\/#website\"},\"primaryImageOfPage\":{\"@id\":\"https:\\\/\\\/www.eclatsdemail.com\\\/2019\\\/11\\\/17\\\/jour-3-apres-la-pluie-viennent-les-brulures-incandescentes\\\/#primaryimage\"},\"image\":{\"@id\":\"https:\\\/\\\/www.eclatsdemail.com\\\/2019\\\/11\\\/17\\\/jour-3-apres-la-pluie-viennent-les-brulures-incandescentes\\\/#primaryimage\"},\"thumbnailUrl\":\"https:\\\/\\\/www.eclatsdemail.com\\\/wp-content\\\/uploads\\\/2019\\\/11\\\/mangane.jpg\",\"datePublished\":\"2019-11-17T17:50:17+00:00\",\"dateModified\":\"2022-06-23T11:38:27+00:00\",\"breadcrumb\":{\"@id\":\"https:\\\/\\\/www.eclatsdemail.com\\\/2019\\\/11\\\/17\\\/jour-3-apres-la-pluie-viennent-les-brulures-incandescentes\\\/#breadcrumb\"},\"inLanguage\":\"en-GB\",\"potentialAction\":[{\"@type\":\"ReadAction\",\"target\":[\"https:\\\/\\\/www.eclatsdemail.com\\\/2019\\\/11\\\/17\\\/jour-3-apres-la-pluie-viennent-les-brulures-incandescentes\\\/\"]}]},{\"@type\":\"ImageObject\",\"inLanguage\":\"en-GB\",\"@id\":\"https:\\\/\\\/www.eclatsdemail.com\\\/2019\\\/11\\\/17\\\/jour-3-apres-la-pluie-viennent-les-brulures-incandescentes\\\/#primaryimage\",\"url\":\"https:\\\/\\\/www.eclatsdemail.com\\\/wp-content\\\/uploads\\\/2019\\\/11\\\/mangane.jpg\",\"contentUrl\":\"https:\\\/\\\/www.eclatsdemail.com\\\/wp-content\\\/uploads\\\/2019\\\/11\\\/mangane.jpg\",\"width\":1200,\"height\":800},{\"@type\":\"BreadcrumbList\",\"@id\":\"https:\\\/\\\/www.eclatsdemail.com\\\/2019\\\/11\\\/17\\\/jour-3-apres-la-pluie-viennent-les-brulures-incandescentes\\\/#breadcrumb\",\"itemListElement\":[{\"@type\":\"ListItem\",\"position\":1,\"name\":\"Accueil\",\"item\":\"https:\\\/\\\/www.eclatsdemail.com\\\/\"},{\"@type\":\"ListItem\",\"position\":2,\"name\":\"JOUR 3 : Apr\u00e8s la pluie viennent les br\u00fblures incandescentes\"}]},{\"@type\":\"WebSite\",\"@id\":\"https:\\\/\\\/www.eclatsdemail.com\\\/#website\",\"url\":\"https:\\\/\\\/www.eclatsdemail.com\\\/\",\"name\":\"Festival \u00c9clats d&#039;\u00c9mail Jazz \u00c9dition\",\"description\":\"2024\",\"publisher\":{\"@id\":\"https:\\\/\\\/www.eclatsdemail.com\\\/#organization\"},\"potentialAction\":[{\"@type\":\"SearchAction\",\"target\":{\"@type\":\"EntryPoint\",\"urlTemplate\":\"https:\\\/\\\/www.eclatsdemail.com\\\/?s={search_term_string}\"},\"query-input\":{\"@type\":\"PropertyValueSpecification\",\"valueRequired\":true,\"valueName\":\"search_term_string\"}}],\"inLanguage\":\"en-GB\"},{\"@type\":\"Organization\",\"@id\":\"https:\\\/\\\/www.eclatsdemail.com\\\/#organization\",\"name\":\"Festival \u00c9clats d'\u00c9mail Jazz \u00c9dition\",\"url\":\"https:\\\/\\\/www.eclatsdemail.com\\\/\",\"logo\":{\"@type\":\"ImageObject\",\"inLanguage\":\"en-GB\",\"@id\":\"https:\\\/\\\/www.eclatsdemail.com\\\/#\\\/schema\\\/logo\\\/image\\\/\",\"url\":\"https:\\\/\\\/www.eclatsdemail.com\\\/wp-content\\\/uploads\\\/2022\\\/05\\\/cropped-logo2022.png\",\"contentUrl\":\"https:\\\/\\\/www.eclatsdemail.com\\\/wp-content\\\/uploads\\\/2022\\\/05\\\/cropped-logo2022.png\",\"width\":616,\"height\":100,\"caption\":\"Festival \u00c9clats d'\u00c9mail Jazz \u00c9dition\"},\"image\":{\"@id\":\"https:\\\/\\\/www.eclatsdemail.com\\\/#\\\/schema\\\/logo\\\/image\\\/\"},\"sameAs\":[\"https:\\\/\\\/www.facebook.com\\\/jazzeclatsdemail\",\"https:\\\/\\\/x.com\\\/eclatsemailjazz\",\"https:\\\/\\\/www.instagram.com\\\/Festival_Eclats_d_Email_JAZZ\\\/\"]},{\"@type\":\"Person\",\"@id\":\"https:\\\/\\\/www.eclatsdemail.com\\\/#\\\/schema\\\/person\\\/2029d40d8c6530367bbca3180e5cc771\",\"name\":\"webmaster\",\"image\":{\"@type\":\"ImageObject\",\"inLanguage\":\"en-GB\",\"@id\":\"https:\\\/\\\/secure.gravatar.com\\\/avatar\\\/33582f2397fd1937271398427a5a727b5de665bc4f224d466a522d78221f221d?s=96&d=mm&r=g\",\"url\":\"https:\\\/\\\/secure.gravatar.com\\\/avatar\\\/33582f2397fd1937271398427a5a727b5de665bc4f224d466a522d78221f221d?s=96&d=mm&r=g\",\"contentUrl\":\"https:\\\/\\\/secure.gravatar.com\\\/avatar\\\/33582f2397fd1937271398427a5a727b5de665bc4f224d466a522d78221f221d?s=96&d=mm&r=g\",\"caption\":\"webmaster\"},\"sameAs\":[\"http:\\\/\\\/s370308257.onlinehome.fr\\\/FEEV2\"],\"url\":\"https:\\\/\\\/www.eclatsdemail.com\\\/gb\\\/author\\\/webmaster\\\/\"}]}<\/script>\n<!-- \/ Yoast SEO plugin. -->","yoast_head_json":{"title":"JOUR 3 : Apr\u00e8s la pluie viennent les br\u00fblures incandescentes - Festival \u00c9clats d&#039;\u00c9mail Jazz \u00c9dition","robots":{"index":"index","follow":"follow","max-snippet":"max-snippet:-1","max-image-preview":"max-image-preview:large","max-video-preview":"max-video-preview:-1"},"canonical":"https:\/\/www.eclatsdemail.com\/2019\/11\/17\/jour-3-apres-la-pluie-viennent-les-brulures-incandescentes\/","og_locale":"en_GB","og_type":"article","og_title":"JOUR 3 : Apr\u00e8s la pluie viennent les br\u00fblures incandescentes - Festival \u00c9clats d&#039;\u00c9mail Jazz \u00c9dition","og_url":"https:\/\/www.eclatsdemail.com\/2019\/11\/17\/jour-3-apres-la-pluie-viennent-les-brulures-incandescentes\/","og_site_name":"Festival \u00c9clats d&#039;\u00c9mail Jazz \u00c9dition","article_publisher":"https:\/\/www.facebook.com\/jazzeclatsdemail","article_published_time":"2019-11-17T17:50:17+00:00","article_modified_time":"2022-06-23T11:38:27+00:00","og_image":[{"width":1200,"height":800,"url":"https:\/\/www.eclatsdemail.com\/wp-content\/uploads\/2019\/11\/mangane.jpg","type":"image\/jpeg"}],"author":"webmaster","twitter_card":"summary_large_image","twitter_creator":"@eclatsemailjazz","twitter_site":"@eclatsemailjazz","twitter_misc":{"Written by":"webmaster","Est. reading time":"2 minutes"},"schema":{"@context":"https:\/\/schema.org","@graph":[{"@type":"Article","@id":"https:\/\/www.eclatsdemail.com\/2019\/11\/17\/jour-3-apres-la-pluie-viennent-les-brulures-incandescentes\/#article","isPartOf":{"@id":"https:\/\/www.eclatsdemail.com\/2019\/11\/17\/jour-3-apres-la-pluie-viennent-les-brulures-incandescentes\/"},"author":{"name":"webmaster","@id":"https:\/\/www.eclatsdemail.com\/#\/schema\/person\/2029d40d8c6530367bbca3180e5cc771"},"headline":"JOUR 3 : Apr\u00e8s la pluie viennent les br\u00fblures incandescentes","datePublished":"2019-11-17T17:50:17+00:00","dateModified":"2022-06-23T11:38:27+00:00","mainEntityOfPage":{"@id":"https:\/\/www.eclatsdemail.com\/2019\/11\/17\/jour-3-apres-la-pluie-viennent-les-brulures-incandescentes\/"},"wordCount":436,"publisher":{"@id":"https:\/\/www.eclatsdemail.com\/#organization"},"image":{"@id":"https:\/\/www.eclatsdemail.com\/2019\/11\/17\/jour-3-apres-la-pluie-viennent-les-brulures-incandescentes\/#primaryimage"},"thumbnailUrl":"https:\/\/www.eclatsdemail.com\/wp-content\/uploads\/2019\/11\/mangane.jpg","articleSection":["2019 edition"],"inLanguage":"en-GB"},{"@type":"WebPage","@id":"https:\/\/www.eclatsdemail.com\/2019\/11\/17\/jour-3-apres-la-pluie-viennent-les-brulures-incandescentes\/","url":"https:\/\/www.eclatsdemail.com\/2019\/11\/17\/jour-3-apres-la-pluie-viennent-les-brulures-incandescentes\/","name":"JOUR 3 : Apr\u00e8s la pluie viennent les br\u00fblures incandescentes - Festival \u00c9clats d&#039;\u00c9mail Jazz \u00c9dition","isPartOf":{"@id":"https:\/\/www.eclatsdemail.com\/#website"},"primaryImageOfPage":{"@id":"https:\/\/www.eclatsdemail.com\/2019\/11\/17\/jour-3-apres-la-pluie-viennent-les-brulures-incandescentes\/#primaryimage"},"image":{"@id":"https:\/\/www.eclatsdemail.com\/2019\/11\/17\/jour-3-apres-la-pluie-viennent-les-brulures-incandescentes\/#primaryimage"},"thumbnailUrl":"https:\/\/www.eclatsdemail.com\/wp-content\/uploads\/2019\/11\/mangane.jpg","datePublished":"2019-11-17T17:50:17+00:00","dateModified":"2022-06-23T11:38:27+00:00","breadcrumb":{"@id":"https:\/\/www.eclatsdemail.com\/2019\/11\/17\/jour-3-apres-la-pluie-viennent-les-brulures-incandescentes\/#breadcrumb"},"inLanguage":"en-GB","potentialAction":[{"@type":"ReadAction","target":["https:\/\/www.eclatsdemail.com\/2019\/11\/17\/jour-3-apres-la-pluie-viennent-les-brulures-incandescentes\/"]}]},{"@type":"ImageObject","inLanguage":"en-GB","@id":"https:\/\/www.eclatsdemail.com\/2019\/11\/17\/jour-3-apres-la-pluie-viennent-les-brulures-incandescentes\/#primaryimage","url":"https:\/\/www.eclatsdemail.com\/wp-content\/uploads\/2019\/11\/mangane.jpg","contentUrl":"https:\/\/www.eclatsdemail.com\/wp-content\/uploads\/2019\/11\/mangane.jpg","width":1200,"height":800},{"@type":"BreadcrumbList","@id":"https:\/\/www.eclatsdemail.com\/2019\/11\/17\/jour-3-apres-la-pluie-viennent-les-brulures-incandescentes\/#breadcrumb","itemListElement":[{"@type":"ListItem","position":1,"name":"Accueil","item":"https:\/\/www.eclatsdemail.com\/"},{"@type":"ListItem","position":2,"name":"JOUR 3 : Apr\u00e8s la pluie viennent les br\u00fblures incandescentes"}]},{"@type":"WebSite","@id":"https:\/\/www.eclatsdemail.com\/#website","url":"https:\/\/www.eclatsdemail.com\/","name":"Festival \u00c9clats d&#039;\u00c9mail Jazz \u00c9dition","description":"2024","publisher":{"@id":"https:\/\/www.eclatsdemail.com\/#organization"},"potentialAction":[{"@type":"SearchAction","target":{"@type":"EntryPoint","urlTemplate":"https:\/\/www.eclatsdemail.com\/?s={search_term_string}"},"query-input":{"@type":"PropertyValueSpecification","valueRequired":true,"valueName":"search_term_string"}}],"inLanguage":"en-GB"},{"@type":"Organization","@id":"https:\/\/www.eclatsdemail.com\/#organization","name":"Festival \u00c9clats d'\u00c9mail Jazz \u00c9dition","url":"https:\/\/www.eclatsdemail.com\/","logo":{"@type":"ImageObject","inLanguage":"en-GB","@id":"https:\/\/www.eclatsdemail.com\/#\/schema\/logo\/image\/","url":"https:\/\/www.eclatsdemail.com\/wp-content\/uploads\/2022\/05\/cropped-logo2022.png","contentUrl":"https:\/\/www.eclatsdemail.com\/wp-content\/uploads\/2022\/05\/cropped-logo2022.png","width":616,"height":100,"caption":"Festival \u00c9clats d'\u00c9mail Jazz \u00c9dition"},"image":{"@id":"https:\/\/www.eclatsdemail.com\/#\/schema\/logo\/image\/"},"sameAs":["https:\/\/www.facebook.com\/jazzeclatsdemail","https:\/\/x.com\/eclatsemailjazz","https:\/\/www.instagram.com\/Festival_Eclats_d_Email_JAZZ\/"]},{"@type":"Person","@id":"https:\/\/www.eclatsdemail.com\/#\/schema\/person\/2029d40d8c6530367bbca3180e5cc771","name":"webmaster","image":{"@type":"ImageObject","inLanguage":"en-GB","@id":"https:\/\/secure.gravatar.com\/avatar\/33582f2397fd1937271398427a5a727b5de665bc4f224d466a522d78221f221d?s=96&d=mm&r=g","url":"https:\/\/secure.gravatar.com\/avatar\/33582f2397fd1937271398427a5a727b5de665bc4f224d466a522d78221f221d?s=96&d=mm&r=g","contentUrl":"https:\/\/secure.gravatar.com\/avatar\/33582f2397fd1937271398427a5a727b5de665bc4f224d466a522d78221f221d?s=96&d=mm&r=g","caption":"webmaster"},"sameAs":["http:\/\/s370308257.onlinehome.fr\/FEEV2"],"url":"https:\/\/www.eclatsdemail.com\/gb\/author\/webmaster\/"}]}},"_links":{"self":[{"href":"https:\/\/www.eclatsdemail.com\/gb\/wp-json\/wp\/v2\/posts\/6177","targetHints":{"allow":["GET"]}}],"collection":[{"href":"https:\/\/www.eclatsdemail.com\/gb\/wp-json\/wp\/v2\/posts"}],"about":[{"href":"https:\/\/www.eclatsdemail.com\/gb\/wp-json\/wp\/v2\/types\/post"}],"author":[{"embeddable":true,"href":"https:\/\/www.eclatsdemail.com\/gb\/wp-json\/wp\/v2\/users\/1"}],"replies":[{"embeddable":true,"href":"https:\/\/www.eclatsdemail.com\/gb\/wp-json\/wp\/v2\/comments?post=6177"}],"version-history":[{"count":3,"href":"https:\/\/www.eclatsdemail.com\/gb\/wp-json\/wp\/v2\/posts\/6177\/revisions"}],"predecessor-version":[{"id":8466,"href":"https:\/\/www.eclatsdemail.com\/gb\/wp-json\/wp\/v2\/posts\/6177\/revisions\/8466"}],"wp:featuredmedia":[{"embeddable":true,"href":"https:\/\/www.eclatsdemail.com\/gb\/wp-json\/wp\/v2\/media\/6187"}],"wp:attachment":[{"href":"https:\/\/www.eclatsdemail.com\/gb\/wp-json\/wp\/v2\/media?parent=6177"}],"wp:term":[{"taxonomy":"category","embeddable":true,"href":"https:\/\/www.eclatsdemail.com\/gb\/wp-json\/wp\/v2\/categories?post=6177"},{"taxonomy":"post_tag","embeddable":true,"href":"https:\/\/www.eclatsdemail.com\/gb\/wp-json\/wp\/v2\/tags?post=6177"}],"curies":[{"name":"wp","href":"https:\/\/api.w.org\/{rel}","templated":true}]}}