{"id":5305,"date":"2018-11-18T10:57:41","date_gmt":"2018-11-18T10:57:41","guid":{"rendered":"http:\/\/www.eclatsdemail.com\/?p=5305"},"modified":"2022-06-23T13:27:38","modified_gmt":"2022-06-23T11:27:38","slug":"jour-2-children-of-the-night-children-of-the-light","status":"publish","type":"post","link":"https:\/\/www.eclatsdemail.com\/gb\/2018\/11\/18\/jour-2-children-of-the-night-children-of-the-light\/","title":{"rendered":"Jour 2 : Children of the Night, Children of the Light"},"content":{"rendered":"<p>Apr\u00e8s une premi\u00e8re soir\u00e9e de velours, il fallait oser s&#8217;aventurer d\u00e8s-potron-minet rue Charles Gide et accepter la morsure gla\u00e7ante d&#8217;un matin limousin de novembre pour avoir le bonheur d&#8217;\u00e9couter Ga\u00ebl Rouilhac, encore jeune guitariste qui pr\u00e9sentait ses compositions en solo dans l\u2019\u00e9tonnant clo\u00eetre franciscain. Quelques rang\u00e9es de chaises suffisent \u00e0 habiller un couloir de ce lieu inhabituel pour le transformer en \u00e9tonnante salle de concert, foyer bienvenu. L&#8217;\u00e9troitesse du couloir contraste avec une musique ouverte \u00e0 de multiples horizons, qu&#8217;il serait d\u00e9licat de faire rentrer dans une case. Loin de se limiter \u00e0 sa seule guitare, Ga\u00ebl Rouilhac profite de son multipiste pour chanter, fredonner, et s&#8217;amuser avec un melodica pour \u00e9veiller avec d\u00e9licatesse les esprits encore embrum\u00e9s. Le jour maintenant lev\u00e9, il faudra attendre qu&#8217;il disparaisse \u00e0 nouveau pour la suite du programme de cette journ\u00e9e qui ne fait que commencer. <\/p>\n<p>Et quelle suite. L&#8217;infinity Quartet de David Murray, accompagn\u00e9 par Saul Williams, offre un spectacle simplement somptueux \u00e0 qui veut bien l&#8217;entendre. Le saxophoniste am\u00e9ricain, qui a su s&#8217;imposer comme un t\u00e9nor du saxophone apr\u00e8s les Coltrane et autre Coleman, est venu avec quatre comparses \u00e0 la hauteur de son g\u00e9nie. Avec <em>A Mirror of Youth<\/em>, ils n&#8217;attendent pas une seconde pour nous embarquer violemment dans une course effr\u00e9n\u00e9e, un affrontement contre le temps qu&#8217;Eric McPherson est bien incapable de perdre. Le batteur new yorkais, membre depuis sept ans du monumental Fred Hersch Trio, et qui s&#8217;est fait conna\u00eetre gr\u00e2ce au 3rd Eye Trio aux c\u00f4t\u00e9s de Nasheet Waits et Abraham Burton, d\u00e9vore le rythme avec une pr\u00e9cision diabolique, se muant en m\u00e9tronome sans commun \u00e9gal. Bien malin celui qui pourra endiguer la tornade McPherson lorsqu&#8217;il est rejoint par l&#8217;imp\u00e9tueux David Bryant, qu&#8217;il accompagne souvent. Derri\u00e8re une nonchalance effront\u00e9e, le pianiste dissimule un jeu d\u00e9sarmant de finesse et de musicalit\u00e9 alors m\u00eame qu&#8217;il doit s&#8217;articuler dans des pi\u00e8ces complexes et exigeantes. \u00c0 plusieurs reprises, David Murray s&#8217;efface compl\u00e8tement, \u00e0 l&#8217;instar de Williams, pour laisser place \u00e0 un trio d&#8217;une telle allure que l&#8217;on en viendrait \u00e0 se demander si l&#8217;on est pas simplement venu voir les trois magiciens. <\/p>\n<p>Mais les deux solistes du soir se rappellent tr\u00e8s vite \u00e0 notre bon souvenir. Le po\u00e8te Saul Williams, fils spirituel de Ralph Ellison et Toni Morrison, scande ses textes enrag\u00e9s, refuse \u00e0 travers eux le sort r\u00e9serv\u00e9 aux communaut\u00e9s afro-am\u00e9ricaines et ass\u00e8ne une v\u00e9rit\u00e9 dramatiquement actuelle et r\u00e9elle. Ses interventions aiguis\u00e9es vont de concert avec un jazz d&#8217;avant garde qui s&#8217;est invent\u00e9 pour refuser des normes occidentales dont les musiciens noirs des ann\u00e9es 50 ne voulaient plus. Chaque mot, chaque intonation, chaque silence qu&#8217;il utilise amplifie un message magnifiquement r\u00e9volt\u00e9, nous embarquant dans une temp\u00eate dont la seule issue est cette voix qui effleure parfois le mystique. Il nous abandonne parfois, ou plut\u00f4t on s&#8217;abandonne, cette fois \u00e0 l&#8217;autre voix de la soir\u00e9e. Qu&#8217;il utilise la clarinette basse ou le t\u00e9nor, Murray n&#8217;a rien perdu de sa volubilit\u00e9. Il forme et d\u00e9forme les harmonies \u00e0 sa guise, sans jamais s&#8217;essouffler, sans jamais s&#8217;employer. Une promenade de sant\u00e9 sur sc\u00e8ne, un d\u00e9ferlement vertigineux dans nos oreilles, cr\u00e9ant une soif inextinguible, une soif d&#8217;un dernier morceau, ou dix, on ne sait plus trop. Les cinq \u00e9chevel\u00e9s reviennent pour un dernier morceau, plus doux, afin de nous accompagner avec d\u00e9licatesse vers L&#8217;Ambassade, pour le dernier concert de ce deuxi\u00e8me jour.<\/p>\n<p>La voix grave d&#8217;Austin Walkin Cane remplit ais\u00e9ment l&#8217;espace du club limougeaud, bien aid\u00e9e par un blues ind\u00e9modable, le blues d&#8217;un ma\u00eetre dont on a l&#8217;impression qu\u2019il man\u0153uvre toujours en terre d\u00e9j\u00e0 conquise et acquise. Son trio du soir, compl\u00e9t\u00e9 par Fred Jouglas \u00e0 la basse et Simon Boyer \u00e0 la batterie, offre une prestation entra\u00eenante qui habille le club d&#8217;un chaud manteau que l&#8217;on ne veut plus quitter. Les neufs enfants de la nuit ont su attirer nos yeux \u00e0 leur lumi\u00e8re enchanteresse, le temps de trois concerts exquis, jamais v\u00e9ritablement perdus dans la nuit.<\/p>\n<p>photo : Didier Radiguet<\/p>\n","protected":false},"excerpt":{"rendered":"<p>Ga\u00ebl Rouilhac, David Murray, Austin Walkin Cane<\/p>\n","protected":false},"author":1,"featured_media":8449,"comment_status":"closed","ping_status":"closed","sticky":false,"template":"","format":"standard","meta":{"footnotes":""},"categories":[38],"tags":[],"class_list":["post-5305","post","type-post","status-publish","format-standard","has-post-thumbnail","hentry","category-edition-2018"],"translation":{"provider":"WPGlobus","version":"3.0.2","language":"gb","enabled_languages":["fr","gb"],"languages":{"fr":{"title":true,"content":true,"excerpt":true},"gb":{"title":false,"content":false,"excerpt":false}}},"yoast_head":"<!-- This site is optimized with the Yoast SEO plugin v27.4 - https:\/\/yoast.com\/product\/yoast-seo-wordpress\/ -->\n<title>Jour 2 : Children of the Night, Children of the Light - Festival \u00c9clats d&#039;\u00c9mail Jazz \u00c9dition<\/title>\n<meta name=\"robots\" content=\"index, follow, max-snippet:-1, max-image-preview:large, max-video-preview:-1\" \/>\n<link rel=\"canonical\" href=\"https:\/\/www.eclatsdemail.com\/2018\/11\/18\/jour-2-children-of-the-night-children-of-the-light\/\" \/>\n<meta property=\"og:locale\" content=\"en_GB\" \/>\n<meta property=\"og:type\" content=\"article\" \/>\n<meta property=\"og:title\" content=\"Jour 2 : Children of the Night, Children of the Light - Festival \u00c9clats d&#039;\u00c9mail Jazz \u00c9dition\" \/>\n<meta property=\"og:url\" content=\"https:\/\/www.eclatsdemail.com\/2018\/11\/18\/jour-2-children-of-the-night-children-of-the-light\/\" \/>\n<meta property=\"og:site_name\" content=\"Festival \u00c9clats d&#039;\u00c9mail Jazz \u00c9dition\" \/>\n<meta property=\"article:publisher\" content=\"https:\/\/www.facebook.com\/jazzeclatsdemail\" \/>\n<meta property=\"article:published_time\" content=\"2018-11-18T10:57:41+00:00\" \/>\n<meta property=\"article:modified_time\" content=\"2022-06-23T11:27:38+00:00\" \/>\n<meta property=\"og:image\" content=\"https:\/\/www.eclatsdemail.com\/wp-content\/uploads\/2018\/11\/F87A1929-.jpg\" \/>\n\t<meta property=\"og:image:width\" content=\"1200\" \/>\n\t<meta property=\"og:image:height\" content=\"800\" \/>\n\t<meta property=\"og:image:type\" content=\"image\/jpeg\" \/>\n<meta name=\"author\" content=\"webmaster\" \/>\n<meta name=\"twitter:card\" content=\"summary_large_image\" \/>\n<meta name=\"twitter:creator\" content=\"@eclatsemailjazz\" \/>\n<meta name=\"twitter:site\" content=\"@eclatsemailjazz\" \/>\n<meta name=\"twitter:label1\" content=\"Written by\" \/>\n\t<meta name=\"twitter:data1\" content=\"webmaster\" \/>\n\t<meta name=\"twitter:label2\" content=\"Est. reading time\" \/>\n\t<meta name=\"twitter:data2\" content=\"4 minutes\" \/>\n<script type=\"application\/ld+json\" class=\"yoast-schema-graph\">{\"@context\":\"https:\\\/\\\/schema.org\",\"@graph\":[{\"@type\":\"Article\",\"@id\":\"https:\\\/\\\/www.eclatsdemail.com\\\/2018\\\/11\\\/18\\\/jour-2-children-of-the-night-children-of-the-light\\\/#article\",\"isPartOf\":{\"@id\":\"https:\\\/\\\/www.eclatsdemail.com\\\/2018\\\/11\\\/18\\\/jour-2-children-of-the-night-children-of-the-light\\\/\"},\"author\":{\"name\":\"webmaster\",\"@id\":\"https:\\\/\\\/www.eclatsdemail.com\\\/#\\\/schema\\\/person\\\/2029d40d8c6530367bbca3180e5cc771\"},\"headline\":\"Jour 2 : Children of the Night, Children of the Light\",\"datePublished\":\"2018-11-18T10:57:41+00:00\",\"dateModified\":\"2022-06-23T11:27:38+00:00\",\"mainEntityOfPage\":{\"@id\":\"https:\\\/\\\/www.eclatsdemail.com\\\/2018\\\/11\\\/18\\\/jour-2-children-of-the-night-children-of-the-light\\\/\"},\"wordCount\":756,\"publisher\":{\"@id\":\"https:\\\/\\\/www.eclatsdemail.com\\\/#organization\"},\"image\":{\"@id\":\"https:\\\/\\\/www.eclatsdemail.com\\\/2018\\\/11\\\/18\\\/jour-2-children-of-the-night-children-of-the-light\\\/#primaryimage\"},\"thumbnailUrl\":\"https:\\\/\\\/www.eclatsdemail.com\\\/wp-content\\\/uploads\\\/2018\\\/11\\\/F87A1929-.jpg\",\"articleSection\":[\"2018 edition\"],\"inLanguage\":\"en-GB\"},{\"@type\":\"WebPage\",\"@id\":\"https:\\\/\\\/www.eclatsdemail.com\\\/2018\\\/11\\\/18\\\/jour-2-children-of-the-night-children-of-the-light\\\/\",\"url\":\"https:\\\/\\\/www.eclatsdemail.com\\\/2018\\\/11\\\/18\\\/jour-2-children-of-the-night-children-of-the-light\\\/\",\"name\":\"Jour 2 : Children of the Night, Children of the Light - Festival \u00c9clats d&#039;\u00c9mail Jazz \u00c9dition\",\"isPartOf\":{\"@id\":\"https:\\\/\\\/www.eclatsdemail.com\\\/#website\"},\"primaryImageOfPage\":{\"@id\":\"https:\\\/\\\/www.eclatsdemail.com\\\/2018\\\/11\\\/18\\\/jour-2-children-of-the-night-children-of-the-light\\\/#primaryimage\"},\"image\":{\"@id\":\"https:\\\/\\\/www.eclatsdemail.com\\\/2018\\\/11\\\/18\\\/jour-2-children-of-the-night-children-of-the-light\\\/#primaryimage\"},\"thumbnailUrl\":\"https:\\\/\\\/www.eclatsdemail.com\\\/wp-content\\\/uploads\\\/2018\\\/11\\\/F87A1929-.jpg\",\"datePublished\":\"2018-11-18T10:57:41+00:00\",\"dateModified\":\"2022-06-23T11:27:38+00:00\",\"breadcrumb\":{\"@id\":\"https:\\\/\\\/www.eclatsdemail.com\\\/2018\\\/11\\\/18\\\/jour-2-children-of-the-night-children-of-the-light\\\/#breadcrumb\"},\"inLanguage\":\"en-GB\",\"potentialAction\":[{\"@type\":\"ReadAction\",\"target\":[\"https:\\\/\\\/www.eclatsdemail.com\\\/2018\\\/11\\\/18\\\/jour-2-children-of-the-night-children-of-the-light\\\/\"]}]},{\"@type\":\"ImageObject\",\"inLanguage\":\"en-GB\",\"@id\":\"https:\\\/\\\/www.eclatsdemail.com\\\/2018\\\/11\\\/18\\\/jour-2-children-of-the-night-children-of-the-light\\\/#primaryimage\",\"url\":\"https:\\\/\\\/www.eclatsdemail.com\\\/wp-content\\\/uploads\\\/2018\\\/11\\\/F87A1929-.jpg\",\"contentUrl\":\"https:\\\/\\\/www.eclatsdemail.com\\\/wp-content\\\/uploads\\\/2018\\\/11\\\/F87A1929-.jpg\",\"width\":1200,\"height\":800},{\"@type\":\"BreadcrumbList\",\"@id\":\"https:\\\/\\\/www.eclatsdemail.com\\\/2018\\\/11\\\/18\\\/jour-2-children-of-the-night-children-of-the-light\\\/#breadcrumb\",\"itemListElement\":[{\"@type\":\"ListItem\",\"position\":1,\"name\":\"Accueil\",\"item\":\"https:\\\/\\\/www.eclatsdemail.com\\\/\"},{\"@type\":\"ListItem\",\"position\":2,\"name\":\"Jour 2 : Children of the Night, Children of the Light\"}]},{\"@type\":\"WebSite\",\"@id\":\"https:\\\/\\\/www.eclatsdemail.com\\\/#website\",\"url\":\"https:\\\/\\\/www.eclatsdemail.com\\\/\",\"name\":\"Festival \u00c9clats d&#039;\u00c9mail Jazz \u00c9dition\",\"description\":\"2024\",\"publisher\":{\"@id\":\"https:\\\/\\\/www.eclatsdemail.com\\\/#organization\"},\"potentialAction\":[{\"@type\":\"SearchAction\",\"target\":{\"@type\":\"EntryPoint\",\"urlTemplate\":\"https:\\\/\\\/www.eclatsdemail.com\\\/?s={search_term_string}\"},\"query-input\":{\"@type\":\"PropertyValueSpecification\",\"valueRequired\":true,\"valueName\":\"search_term_string\"}}],\"inLanguage\":\"en-GB\"},{\"@type\":\"Organization\",\"@id\":\"https:\\\/\\\/www.eclatsdemail.com\\\/#organization\",\"name\":\"Festival \u00c9clats d'\u00c9mail Jazz \u00c9dition\",\"url\":\"https:\\\/\\\/www.eclatsdemail.com\\\/\",\"logo\":{\"@type\":\"ImageObject\",\"inLanguage\":\"en-GB\",\"@id\":\"https:\\\/\\\/www.eclatsdemail.com\\\/#\\\/schema\\\/logo\\\/image\\\/\",\"url\":\"https:\\\/\\\/www.eclatsdemail.com\\\/wp-content\\\/uploads\\\/2022\\\/05\\\/cropped-logo2022.png\",\"contentUrl\":\"https:\\\/\\\/www.eclatsdemail.com\\\/wp-content\\\/uploads\\\/2022\\\/05\\\/cropped-logo2022.png\",\"width\":616,\"height\":100,\"caption\":\"Festival \u00c9clats d'\u00c9mail Jazz \u00c9dition\"},\"image\":{\"@id\":\"https:\\\/\\\/www.eclatsdemail.com\\\/#\\\/schema\\\/logo\\\/image\\\/\"},\"sameAs\":[\"https:\\\/\\\/www.facebook.com\\\/jazzeclatsdemail\",\"https:\\\/\\\/x.com\\\/eclatsemailjazz\",\"https:\\\/\\\/www.instagram.com\\\/Festival_Eclats_d_Email_JAZZ\\\/\"]},{\"@type\":\"Person\",\"@id\":\"https:\\\/\\\/www.eclatsdemail.com\\\/#\\\/schema\\\/person\\\/2029d40d8c6530367bbca3180e5cc771\",\"name\":\"webmaster\",\"image\":{\"@type\":\"ImageObject\",\"inLanguage\":\"en-GB\",\"@id\":\"https:\\\/\\\/secure.gravatar.com\\\/avatar\\\/33582f2397fd1937271398427a5a727b5de665bc4f224d466a522d78221f221d?s=96&d=mm&r=g\",\"url\":\"https:\\\/\\\/secure.gravatar.com\\\/avatar\\\/33582f2397fd1937271398427a5a727b5de665bc4f224d466a522d78221f221d?s=96&d=mm&r=g\",\"contentUrl\":\"https:\\\/\\\/secure.gravatar.com\\\/avatar\\\/33582f2397fd1937271398427a5a727b5de665bc4f224d466a522d78221f221d?s=96&d=mm&r=g\",\"caption\":\"webmaster\"},\"sameAs\":[\"http:\\\/\\\/s370308257.onlinehome.fr\\\/FEEV2\"],\"url\":\"https:\\\/\\\/www.eclatsdemail.com\\\/gb\\\/author\\\/webmaster\\\/\"}]}<\/script>\n<!-- \/ Yoast SEO plugin. -->","yoast_head_json":{"title":"Jour 2 : Children of the Night, Children of the Light - Festival \u00c9clats d&#039;\u00c9mail Jazz \u00c9dition","robots":{"index":"index","follow":"follow","max-snippet":"max-snippet:-1","max-image-preview":"max-image-preview:large","max-video-preview":"max-video-preview:-1"},"canonical":"https:\/\/www.eclatsdemail.com\/2018\/11\/18\/jour-2-children-of-the-night-children-of-the-light\/","og_locale":"en_GB","og_type":"article","og_title":"Jour 2 : Children of the Night, Children of the Light - Festival \u00c9clats d&#039;\u00c9mail Jazz \u00c9dition","og_url":"https:\/\/www.eclatsdemail.com\/2018\/11\/18\/jour-2-children-of-the-night-children-of-the-light\/","og_site_name":"Festival \u00c9clats d&#039;\u00c9mail Jazz \u00c9dition","article_publisher":"https:\/\/www.facebook.com\/jazzeclatsdemail","article_published_time":"2018-11-18T10:57:41+00:00","article_modified_time":"2022-06-23T11:27:38+00:00","og_image":[{"width":1200,"height":800,"url":"https:\/\/www.eclatsdemail.com\/wp-content\/uploads\/2018\/11\/F87A1929-.jpg","type":"image\/jpeg"}],"author":"webmaster","twitter_card":"summary_large_image","twitter_creator":"@eclatsemailjazz","twitter_site":"@eclatsemailjazz","twitter_misc":{"Written by":"webmaster","Est. reading time":"4 minutes"},"schema":{"@context":"https:\/\/schema.org","@graph":[{"@type":"Article","@id":"https:\/\/www.eclatsdemail.com\/2018\/11\/18\/jour-2-children-of-the-night-children-of-the-light\/#article","isPartOf":{"@id":"https:\/\/www.eclatsdemail.com\/2018\/11\/18\/jour-2-children-of-the-night-children-of-the-light\/"},"author":{"name":"webmaster","@id":"https:\/\/www.eclatsdemail.com\/#\/schema\/person\/2029d40d8c6530367bbca3180e5cc771"},"headline":"Jour 2 : Children of the Night, Children of the Light","datePublished":"2018-11-18T10:57:41+00:00","dateModified":"2022-06-23T11:27:38+00:00","mainEntityOfPage":{"@id":"https:\/\/www.eclatsdemail.com\/2018\/11\/18\/jour-2-children-of-the-night-children-of-the-light\/"},"wordCount":756,"publisher":{"@id":"https:\/\/www.eclatsdemail.com\/#organization"},"image":{"@id":"https:\/\/www.eclatsdemail.com\/2018\/11\/18\/jour-2-children-of-the-night-children-of-the-light\/#primaryimage"},"thumbnailUrl":"https:\/\/www.eclatsdemail.com\/wp-content\/uploads\/2018\/11\/F87A1929-.jpg","articleSection":["2018 edition"],"inLanguage":"en-GB"},{"@type":"WebPage","@id":"https:\/\/www.eclatsdemail.com\/2018\/11\/18\/jour-2-children-of-the-night-children-of-the-light\/","url":"https:\/\/www.eclatsdemail.com\/2018\/11\/18\/jour-2-children-of-the-night-children-of-the-light\/","name":"Jour 2 : Children of the Night, Children of the Light - Festival \u00c9clats d&#039;\u00c9mail Jazz \u00c9dition","isPartOf":{"@id":"https:\/\/www.eclatsdemail.com\/#website"},"primaryImageOfPage":{"@id":"https:\/\/www.eclatsdemail.com\/2018\/11\/18\/jour-2-children-of-the-night-children-of-the-light\/#primaryimage"},"image":{"@id":"https:\/\/www.eclatsdemail.com\/2018\/11\/18\/jour-2-children-of-the-night-children-of-the-light\/#primaryimage"},"thumbnailUrl":"https:\/\/www.eclatsdemail.com\/wp-content\/uploads\/2018\/11\/F87A1929-.jpg","datePublished":"2018-11-18T10:57:41+00:00","dateModified":"2022-06-23T11:27:38+00:00","breadcrumb":{"@id":"https:\/\/www.eclatsdemail.com\/2018\/11\/18\/jour-2-children-of-the-night-children-of-the-light\/#breadcrumb"},"inLanguage":"en-GB","potentialAction":[{"@type":"ReadAction","target":["https:\/\/www.eclatsdemail.com\/2018\/11\/18\/jour-2-children-of-the-night-children-of-the-light\/"]}]},{"@type":"ImageObject","inLanguage":"en-GB","@id":"https:\/\/www.eclatsdemail.com\/2018\/11\/18\/jour-2-children-of-the-night-children-of-the-light\/#primaryimage","url":"https:\/\/www.eclatsdemail.com\/wp-content\/uploads\/2018\/11\/F87A1929-.jpg","contentUrl":"https:\/\/www.eclatsdemail.com\/wp-content\/uploads\/2018\/11\/F87A1929-.jpg","width":1200,"height":800},{"@type":"BreadcrumbList","@id":"https:\/\/www.eclatsdemail.com\/2018\/11\/18\/jour-2-children-of-the-night-children-of-the-light\/#breadcrumb","itemListElement":[{"@type":"ListItem","position":1,"name":"Accueil","item":"https:\/\/www.eclatsdemail.com\/"},{"@type":"ListItem","position":2,"name":"Jour 2 : Children of the Night, Children of the Light"}]},{"@type":"WebSite","@id":"https:\/\/www.eclatsdemail.com\/#website","url":"https:\/\/www.eclatsdemail.com\/","name":"Festival \u00c9clats d&#039;\u00c9mail Jazz \u00c9dition","description":"2024","publisher":{"@id":"https:\/\/www.eclatsdemail.com\/#organization"},"potentialAction":[{"@type":"SearchAction","target":{"@type":"EntryPoint","urlTemplate":"https:\/\/www.eclatsdemail.com\/?s={search_term_string}"},"query-input":{"@type":"PropertyValueSpecification","valueRequired":true,"valueName":"search_term_string"}}],"inLanguage":"en-GB"},{"@type":"Organization","@id":"https:\/\/www.eclatsdemail.com\/#organization","name":"Festival \u00c9clats d'\u00c9mail Jazz \u00c9dition","url":"https:\/\/www.eclatsdemail.com\/","logo":{"@type":"ImageObject","inLanguage":"en-GB","@id":"https:\/\/www.eclatsdemail.com\/#\/schema\/logo\/image\/","url":"https:\/\/www.eclatsdemail.com\/wp-content\/uploads\/2022\/05\/cropped-logo2022.png","contentUrl":"https:\/\/www.eclatsdemail.com\/wp-content\/uploads\/2022\/05\/cropped-logo2022.png","width":616,"height":100,"caption":"Festival \u00c9clats d'\u00c9mail Jazz \u00c9dition"},"image":{"@id":"https:\/\/www.eclatsdemail.com\/#\/schema\/logo\/image\/"},"sameAs":["https:\/\/www.facebook.com\/jazzeclatsdemail","https:\/\/x.com\/eclatsemailjazz","https:\/\/www.instagram.com\/Festival_Eclats_d_Email_JAZZ\/"]},{"@type":"Person","@id":"https:\/\/www.eclatsdemail.com\/#\/schema\/person\/2029d40d8c6530367bbca3180e5cc771","name":"webmaster","image":{"@type":"ImageObject","inLanguage":"en-GB","@id":"https:\/\/secure.gravatar.com\/avatar\/33582f2397fd1937271398427a5a727b5de665bc4f224d466a522d78221f221d?s=96&d=mm&r=g","url":"https:\/\/secure.gravatar.com\/avatar\/33582f2397fd1937271398427a5a727b5de665bc4f224d466a522d78221f221d?s=96&d=mm&r=g","contentUrl":"https:\/\/secure.gravatar.com\/avatar\/33582f2397fd1937271398427a5a727b5de665bc4f224d466a522d78221f221d?s=96&d=mm&r=g","caption":"webmaster"},"sameAs":["http:\/\/s370308257.onlinehome.fr\/FEEV2"],"url":"https:\/\/www.eclatsdemail.com\/gb\/author\/webmaster\/"}]}},"_links":{"self":[{"href":"https:\/\/www.eclatsdemail.com\/gb\/wp-json\/wp\/v2\/posts\/5305","targetHints":{"allow":["GET"]}}],"collection":[{"href":"https:\/\/www.eclatsdemail.com\/gb\/wp-json\/wp\/v2\/posts"}],"about":[{"href":"https:\/\/www.eclatsdemail.com\/gb\/wp-json\/wp\/v2\/types\/post"}],"author":[{"embeddable":true,"href":"https:\/\/www.eclatsdemail.com\/gb\/wp-json\/wp\/v2\/users\/1"}],"replies":[{"embeddable":true,"href":"https:\/\/www.eclatsdemail.com\/gb\/wp-json\/wp\/v2\/comments?post=5305"}],"version-history":[{"count":2,"href":"https:\/\/www.eclatsdemail.com\/gb\/wp-json\/wp\/v2\/posts\/5305\/revisions"}],"predecessor-version":[{"id":8453,"href":"https:\/\/www.eclatsdemail.com\/gb\/wp-json\/wp\/v2\/posts\/5305\/revisions\/8453"}],"wp:featuredmedia":[{"embeddable":true,"href":"https:\/\/www.eclatsdemail.com\/gb\/wp-json\/wp\/v2\/media\/8449"}],"wp:attachment":[{"href":"https:\/\/www.eclatsdemail.com\/gb\/wp-json\/wp\/v2\/media?parent=5305"}],"wp:term":[{"taxonomy":"category","embeddable":true,"href":"https:\/\/www.eclatsdemail.com\/gb\/wp-json\/wp\/v2\/categories?post=5305"},{"taxonomy":"post_tag","embeddable":true,"href":"https:\/\/www.eclatsdemail.com\/gb\/wp-json\/wp\/v2\/tags?post=5305"}],"curies":[{"name":"wp","href":"https:\/\/api.w.org\/{rel}","templated":true}]}}