{"id":12552,"date":"2025-11-24T15:09:34","date_gmt":"2025-11-24T14:09:34","guid":{"rendered":"https:\/\/www.eclatsdemail.com\/?p=12552"},"modified":"2025-11-24T15:09:34","modified_gmt":"2025-11-24T14:09:34","slug":"jour-10-communion","status":"publish","type":"post","link":"https:\/\/www.eclatsdemail.com\/gb\/2025\/11\/24\/jour-10-communion\/","title":{"rendered":"Jour 10 &#8211; Communion"},"content":{"rendered":"<div class=\"wpb-content-wrapper\"><p>[vc_row][vc_column][vc_column_text css=&#8221;&#8221;]Je ne suis pas la personne la plus extravertie qui soit. Je n\u2019aime pas les grandes foules, je refuse parfois les sorties lorsque je sais qu\u2019il y a de bonnes chances que je connaisse moins de la moiti\u00e9 des personnes pr\u00e9sentes. Alors dans un festival, comment je m\u2019en sors? Du monde, du bruit, des sollicitations, est-ce vraiment pour moi?<\/p>\n<p>Oui. Durant ces dix jours, je profite bien s\u00fbr des concerts, mais aussi de toute l\u2019\u00e9quipe qui organise cet \u00e9v\u00e9nement. Ils et elles ont une si belle humanit\u00e9, que tout devient simple pour un esprit parfois tortur\u00e9 lorsqu\u2019il s\u2019agit d\u2019interactions sociales. M\u00eame en \u00e9tant ext\u00e9rieur \u00e0 toute l\u2019organisation du festival, je me sens chez moi quand je viens ici. Et je suis s\u00fbr que je ne suis pas le seul \u00e0 ressentir cette g\u00e9n\u00e9rosit\u00e9 sans limites. Toute cette douceur, toute cette bienveillance, me font beaucoup de bien. Je n\u2019ai aucun doute sur le fait que cela participe<br \/>\naux \u00e9motions qui me traversent aussi pendant les concerts.<\/p>\n<p>Je pense \u00e0 tout cela pendant les concerts de Lea Maria Fries, puis de Christie Dashiell. Deux beaux concerts, deux beaux moments, qui m\u2019auront peut-\u00eatre moins marqu\u00e9 que la pl\u00e9thore d\u2019instants merveilleux que j\u2019ai v\u00e9cus durant ces 10 jours.<\/p>\n<p>Je repense \u00e0 Christine Salem et au maloya, qui nous ont rappel\u00e9 que la musique est indissociable de l\u2019histoire et des luttes pour l&#8217;\u00e9galit\u00e9. Je repense aux r\u00e9pertoires de Giorgi Mikadze et Tigran Hamasyan, dont j\u2019ignorais tout. Je repense \u00e0 C-Ly, qui joue une musique \u00e0 mille lieues de mes habitudes et qui restera pourtant l\u2019un des plus beaux concerts de cette ann\u00e9e pour moi. Je repense \u00e0 mon tour du monde exalt\u00e9 avec Renaud Garcia Fons. Je repense \u00e0 la direction artistique de Daniel Yvinec, qui a guid\u00e9 deux de nos plus beaux saxophonistes fran\u00e7ais, Baptiste Herbin et Pierrick Pedron. Je repense au concert d\u2019un des grands musiciens que j\u2019admire, et que je ne reverrai peut-\u00eatre plus jamais, Kenny Barron. Je repense \u00e0 la recette universelle pour recharger mes batteries, Ludivine Issambourg.<\/p>\n<p>Demain, il n&#8217;y aura pas de rendez-vous \u00e0 l&#8217;Office de Tourisme. Je ne croiserai pas le regard bienveillant de S\u00e9bastien Farge, qui a \u00e9t\u00e9 le fil rouge et le c\u0153ur battant de ma semaine, m&#8217;enseignant l&#8217;accord\u00e9on et l&#8217;amour du patrimoine avec une g\u00e9n\u00e9rosit\u00e9 in\u00e9puisable. Demain, je vais devoir me nourrir de nourriture terrestre, et le silence va me sembler assourdissant.<\/p>\n<p>Je suis \u00e9puis\u00e9, c&#8217;est certain. Mon syst\u00e8me nerveux, que j&#8217;ai tant sollicit\u00e9, r\u00e9clame une pause. Mais c&#8217;est une fatigue d\u00e9licieuse. Celle du voyageur qui rentre chez lui apr\u00e8s avoir vu des paysages qu&#8217;il ne soup\u00e7onnait pas. Je repars avec des certitudes \u00e9branl\u00e9es et une curiosit\u00e9 affam\u00e9e. Je repars avec la gratitude de celui qui a v\u00e9cu, pendant dix jours, un peu plus fort que le reste de l&#8217;ann\u00e9e, gr\u00e2ce \u00e0 celles et ceux qui font le festival, sur sc\u00e8ne et en dehors. Le silence peut revenir, maintenant. Je suis pr\u00eat \u00e0 l&#8217;\u00e9couter, car il est d\u00e9sormais peupl\u00e9 de souvenirs imp\u00e9rissables.<\/p>\n<p><strong>Alexandre Fournet<\/strong><\/p>\n<p>&nbsp;<\/p>\n<p>\u00a9 Photo Didier Radiguet[\/vc_column_text][vc_single_image image=&#8221;12553&#8243; img_size=&#8221;full&#8221; alignment=&#8221;center&#8221; css=&#8221;&#8221;][\/vc_column][\/vc_row][vc_row][vc_column][vc_btn title=&#8221;Retour aux chroniques&#8221; style=&#8221;flat&#8221; shape=&#8221;square&#8221; color=&#8221;black&#8221; link=&#8221;url:https%3A%2F%2Fwww.eclatsdemail.com%2Fchroniques%2F|title:chroniques&#8221;][\/vc_column][\/vc_row]<\/p>\n<\/div>","protected":false},"excerpt":{"rendered":"<p>Lea Maria Fries, Christie Dashiell<\/p>\n","protected":false},"author":1,"featured_media":12554,"comment_status":"closed","ping_status":"closed","sticky":false,"template":"","format":"standard","meta":{"footnotes":""},"categories":[52],"tags":[],"class_list":["post-12552","post","type-post","status-publish","format-standard","has-post-thumbnail","hentry","category-edition-2025"],"translation":{"provider":"WPGlobus","version":"3.0.2","language":"gb","enabled_languages":["fr","gb"],"languages":{"fr":{"title":true,"content":true,"excerpt":true},"gb":{"title":false,"content":false,"excerpt":false}}},"yoast_head":"<!-- This site is optimized with the Yoast SEO plugin v27.4 - https:\/\/yoast.com\/product\/yoast-seo-wordpress\/ -->\n<title>Jour 10 - Communion - Festival \u00c9clats d&#039;\u00c9mail Jazz \u00c9dition<\/title>\n<meta name=\"robots\" content=\"index, follow, max-snippet:-1, max-image-preview:large, max-video-preview:-1\" \/>\n<link rel=\"canonical\" href=\"https:\/\/www.eclatsdemail.com\/2025\/11\/24\/jour-10-communion\/\" \/>\n<meta property=\"og:locale\" content=\"en_GB\" \/>\n<meta property=\"og:type\" content=\"article\" \/>\n<meta property=\"og:title\" content=\"Jour 10 - Communion - Festival \u00c9clats d&#039;\u00c9mail Jazz \u00c9dition\" \/>\n<meta property=\"og:url\" content=\"https:\/\/www.eclatsdemail.com\/2025\/11\/24\/jour-10-communion\/\" \/>\n<meta property=\"og:site_name\" content=\"Festival \u00c9clats d&#039;\u00c9mail Jazz \u00c9dition\" \/>\n<meta property=\"article:publisher\" content=\"https:\/\/www.facebook.com\/jazzeclatsdemail\" \/>\n<meta property=\"article:published_time\" content=\"2025-11-24T14:09:34+00:00\" \/>\n<meta property=\"og:image\" content=\"https:\/\/www.eclatsdemail.com\/wp-content\/uploads\/2025\/11\/UX0B5024-scaled.jpg\" \/>\n\t<meta property=\"og:image:width\" content=\"2560\" \/>\n\t<meta property=\"og:image:height\" content=\"1707\" \/>\n\t<meta property=\"og:image:type\" content=\"image\/jpeg\" \/>\n<meta name=\"author\" content=\"webmaster\" \/>\n<meta name=\"twitter:card\" content=\"summary_large_image\" \/>\n<meta name=\"twitter:creator\" content=\"@eclatsemailjazz\" \/>\n<meta name=\"twitter:site\" content=\"@eclatsemailjazz\" \/>\n<meta name=\"twitter:label1\" content=\"Written by\" \/>\n\t<meta name=\"twitter:data1\" content=\"webmaster\" \/>\n\t<meta name=\"twitter:label2\" content=\"Est. reading time\" \/>\n\t<meta name=\"twitter:data2\" content=\"4 minutes\" \/>\n<script type=\"application\/ld+json\" class=\"yoast-schema-graph\">{\"@context\":\"https:\\\/\\\/schema.org\",\"@graph\":[{\"@type\":\"Article\",\"@id\":\"https:\\\/\\\/www.eclatsdemail.com\\\/2025\\\/11\\\/24\\\/jour-10-communion\\\/#article\",\"isPartOf\":{\"@id\":\"https:\\\/\\\/www.eclatsdemail.com\\\/2025\\\/11\\\/24\\\/jour-10-communion\\\/\"},\"author\":{\"name\":\"webmaster\",\"@id\":\"https:\\\/\\\/www.eclatsdemail.com\\\/#\\\/schema\\\/person\\\/2029d40d8c6530367bbca3180e5cc771\"},\"headline\":\"Jour 10 &#8211; Communion\",\"datePublished\":\"2025-11-24T14:09:34+00:00\",\"mainEntityOfPage\":{\"@id\":\"https:\\\/\\\/www.eclatsdemail.com\\\/2025\\\/11\\\/24\\\/jour-10-communion\\\/\"},\"wordCount\":614,\"publisher\":{\"@id\":\"https:\\\/\\\/www.eclatsdemail.com\\\/#organization\"},\"image\":{\"@id\":\"https:\\\/\\\/www.eclatsdemail.com\\\/2025\\\/11\\\/24\\\/jour-10-communion\\\/#primaryimage\"},\"thumbnailUrl\":\"https:\\\/\\\/www.eclatsdemail.com\\\/wp-content\\\/uploads\\\/2025\\\/11\\\/UX0B5024-scaled.jpg\",\"articleSection\":[\"\u00e9dition 2025\"],\"inLanguage\":\"en-GB\"},{\"@type\":\"WebPage\",\"@id\":\"https:\\\/\\\/www.eclatsdemail.com\\\/2025\\\/11\\\/24\\\/jour-10-communion\\\/\",\"url\":\"https:\\\/\\\/www.eclatsdemail.com\\\/2025\\\/11\\\/24\\\/jour-10-communion\\\/\",\"name\":\"Jour 10 - Communion - Festival \u00c9clats d&#039;\u00c9mail Jazz \u00c9dition\",\"isPartOf\":{\"@id\":\"https:\\\/\\\/www.eclatsdemail.com\\\/#website\"},\"primaryImageOfPage\":{\"@id\":\"https:\\\/\\\/www.eclatsdemail.com\\\/2025\\\/11\\\/24\\\/jour-10-communion\\\/#primaryimage\"},\"image\":{\"@id\":\"https:\\\/\\\/www.eclatsdemail.com\\\/2025\\\/11\\\/24\\\/jour-10-communion\\\/#primaryimage\"},\"thumbnailUrl\":\"https:\\\/\\\/www.eclatsdemail.com\\\/wp-content\\\/uploads\\\/2025\\\/11\\\/UX0B5024-scaled.jpg\",\"datePublished\":\"2025-11-24T14:09:34+00:00\",\"breadcrumb\":{\"@id\":\"https:\\\/\\\/www.eclatsdemail.com\\\/2025\\\/11\\\/24\\\/jour-10-communion\\\/#breadcrumb\"},\"inLanguage\":\"en-GB\",\"potentialAction\":[{\"@type\":\"ReadAction\",\"target\":[\"https:\\\/\\\/www.eclatsdemail.com\\\/2025\\\/11\\\/24\\\/jour-10-communion\\\/\"]}]},{\"@type\":\"ImageObject\",\"inLanguage\":\"en-GB\",\"@id\":\"https:\\\/\\\/www.eclatsdemail.com\\\/2025\\\/11\\\/24\\\/jour-10-communion\\\/#primaryimage\",\"url\":\"https:\\\/\\\/www.eclatsdemail.com\\\/wp-content\\\/uploads\\\/2025\\\/11\\\/UX0B5024-scaled.jpg\",\"contentUrl\":\"https:\\\/\\\/www.eclatsdemail.com\\\/wp-content\\\/uploads\\\/2025\\\/11\\\/UX0B5024-scaled.jpg\",\"width\":2560,\"height\":1707},{\"@type\":\"BreadcrumbList\",\"@id\":\"https:\\\/\\\/www.eclatsdemail.com\\\/2025\\\/11\\\/24\\\/jour-10-communion\\\/#breadcrumb\",\"itemListElement\":[{\"@type\":\"ListItem\",\"position\":1,\"name\":\"Accueil\",\"item\":\"https:\\\/\\\/www.eclatsdemail.com\\\/\"},{\"@type\":\"ListItem\",\"position\":2,\"name\":\"Jour 10 &#8211; Communion\"}]},{\"@type\":\"WebSite\",\"@id\":\"https:\\\/\\\/www.eclatsdemail.com\\\/#website\",\"url\":\"https:\\\/\\\/www.eclatsdemail.com\\\/\",\"name\":\"Festival \u00c9clats d&#039;\u00c9mail Jazz \u00c9dition\",\"description\":\"2024\",\"publisher\":{\"@id\":\"https:\\\/\\\/www.eclatsdemail.com\\\/#organization\"},\"potentialAction\":[{\"@type\":\"SearchAction\",\"target\":{\"@type\":\"EntryPoint\",\"urlTemplate\":\"https:\\\/\\\/www.eclatsdemail.com\\\/?s={search_term_string}\"},\"query-input\":{\"@type\":\"PropertyValueSpecification\",\"valueRequired\":true,\"valueName\":\"search_term_string\"}}],\"inLanguage\":\"en-GB\"},{\"@type\":\"Organization\",\"@id\":\"https:\\\/\\\/www.eclatsdemail.com\\\/#organization\",\"name\":\"Festival \u00c9clats d'\u00c9mail Jazz \u00c9dition\",\"url\":\"https:\\\/\\\/www.eclatsdemail.com\\\/\",\"logo\":{\"@type\":\"ImageObject\",\"inLanguage\":\"en-GB\",\"@id\":\"https:\\\/\\\/www.eclatsdemail.com\\\/#\\\/schema\\\/logo\\\/image\\\/\",\"url\":\"https:\\\/\\\/www.eclatsdemail.com\\\/wp-content\\\/uploads\\\/2022\\\/05\\\/cropped-logo2022.png\",\"contentUrl\":\"https:\\\/\\\/www.eclatsdemail.com\\\/wp-content\\\/uploads\\\/2022\\\/05\\\/cropped-logo2022.png\",\"width\":616,\"height\":100,\"caption\":\"Festival \u00c9clats d'\u00c9mail Jazz \u00c9dition\"},\"image\":{\"@id\":\"https:\\\/\\\/www.eclatsdemail.com\\\/#\\\/schema\\\/logo\\\/image\\\/\"},\"sameAs\":[\"https:\\\/\\\/www.facebook.com\\\/jazzeclatsdemail\",\"https:\\\/\\\/x.com\\\/eclatsemailjazz\",\"https:\\\/\\\/www.instagram.com\\\/Festival_Eclats_d_Email_JAZZ\\\/\"]},{\"@type\":\"Person\",\"@id\":\"https:\\\/\\\/www.eclatsdemail.com\\\/#\\\/schema\\\/person\\\/2029d40d8c6530367bbca3180e5cc771\",\"name\":\"webmaster\",\"image\":{\"@type\":\"ImageObject\",\"inLanguage\":\"en-GB\",\"@id\":\"https:\\\/\\\/secure.gravatar.com\\\/avatar\\\/33582f2397fd1937271398427a5a727b5de665bc4f224d466a522d78221f221d?s=96&d=mm&r=g\",\"url\":\"https:\\\/\\\/secure.gravatar.com\\\/avatar\\\/33582f2397fd1937271398427a5a727b5de665bc4f224d466a522d78221f221d?s=96&d=mm&r=g\",\"contentUrl\":\"https:\\\/\\\/secure.gravatar.com\\\/avatar\\\/33582f2397fd1937271398427a5a727b5de665bc4f224d466a522d78221f221d?s=96&d=mm&r=g\",\"caption\":\"webmaster\"},\"sameAs\":[\"http:\\\/\\\/s370308257.onlinehome.fr\\\/FEEV2\"],\"url\":\"https:\\\/\\\/www.eclatsdemail.com\\\/gb\\\/author\\\/webmaster\\\/\"}]}<\/script>\n<!-- \/ Yoast SEO plugin. -->","yoast_head_json":{"title":"Jour 10 - Communion - Festival \u00c9clats d&#039;\u00c9mail Jazz \u00c9dition","robots":{"index":"index","follow":"follow","max-snippet":"max-snippet:-1","max-image-preview":"max-image-preview:large","max-video-preview":"max-video-preview:-1"},"canonical":"https:\/\/www.eclatsdemail.com\/2025\/11\/24\/jour-10-communion\/","og_locale":"en_GB","og_type":"article","og_title":"Jour 10 - Communion - Festival \u00c9clats d&#039;\u00c9mail Jazz \u00c9dition","og_url":"https:\/\/www.eclatsdemail.com\/2025\/11\/24\/jour-10-communion\/","og_site_name":"Festival \u00c9clats d&#039;\u00c9mail Jazz \u00c9dition","article_publisher":"https:\/\/www.facebook.com\/jazzeclatsdemail","article_published_time":"2025-11-24T14:09:34+00:00","og_image":[{"width":2560,"height":1707,"url":"https:\/\/www.eclatsdemail.com\/wp-content\/uploads\/2025\/11\/UX0B5024-scaled.jpg","type":"image\/jpeg"}],"author":"webmaster","twitter_card":"summary_large_image","twitter_creator":"@eclatsemailjazz","twitter_site":"@eclatsemailjazz","twitter_misc":{"Written by":"webmaster","Est. reading time":"4 minutes"},"schema":{"@context":"https:\/\/schema.org","@graph":[{"@type":"Article","@id":"https:\/\/www.eclatsdemail.com\/2025\/11\/24\/jour-10-communion\/#article","isPartOf":{"@id":"https:\/\/www.eclatsdemail.com\/2025\/11\/24\/jour-10-communion\/"},"author":{"name":"webmaster","@id":"https:\/\/www.eclatsdemail.com\/#\/schema\/person\/2029d40d8c6530367bbca3180e5cc771"},"headline":"Jour 10 &#8211; Communion","datePublished":"2025-11-24T14:09:34+00:00","mainEntityOfPage":{"@id":"https:\/\/www.eclatsdemail.com\/2025\/11\/24\/jour-10-communion\/"},"wordCount":614,"publisher":{"@id":"https:\/\/www.eclatsdemail.com\/#organization"},"image":{"@id":"https:\/\/www.eclatsdemail.com\/2025\/11\/24\/jour-10-communion\/#primaryimage"},"thumbnailUrl":"https:\/\/www.eclatsdemail.com\/wp-content\/uploads\/2025\/11\/UX0B5024-scaled.jpg","articleSection":["\u00e9dition 2025"],"inLanguage":"en-GB"},{"@type":"WebPage","@id":"https:\/\/www.eclatsdemail.com\/2025\/11\/24\/jour-10-communion\/","url":"https:\/\/www.eclatsdemail.com\/2025\/11\/24\/jour-10-communion\/","name":"Jour 10 - Communion - Festival \u00c9clats d&#039;\u00c9mail Jazz \u00c9dition","isPartOf":{"@id":"https:\/\/www.eclatsdemail.com\/#website"},"primaryImageOfPage":{"@id":"https:\/\/www.eclatsdemail.com\/2025\/11\/24\/jour-10-communion\/#primaryimage"},"image":{"@id":"https:\/\/www.eclatsdemail.com\/2025\/11\/24\/jour-10-communion\/#primaryimage"},"thumbnailUrl":"https:\/\/www.eclatsdemail.com\/wp-content\/uploads\/2025\/11\/UX0B5024-scaled.jpg","datePublished":"2025-11-24T14:09:34+00:00","breadcrumb":{"@id":"https:\/\/www.eclatsdemail.com\/2025\/11\/24\/jour-10-communion\/#breadcrumb"},"inLanguage":"en-GB","potentialAction":[{"@type":"ReadAction","target":["https:\/\/www.eclatsdemail.com\/2025\/11\/24\/jour-10-communion\/"]}]},{"@type":"ImageObject","inLanguage":"en-GB","@id":"https:\/\/www.eclatsdemail.com\/2025\/11\/24\/jour-10-communion\/#primaryimage","url":"https:\/\/www.eclatsdemail.com\/wp-content\/uploads\/2025\/11\/UX0B5024-scaled.jpg","contentUrl":"https:\/\/www.eclatsdemail.com\/wp-content\/uploads\/2025\/11\/UX0B5024-scaled.jpg","width":2560,"height":1707},{"@type":"BreadcrumbList","@id":"https:\/\/www.eclatsdemail.com\/2025\/11\/24\/jour-10-communion\/#breadcrumb","itemListElement":[{"@type":"ListItem","position":1,"name":"Accueil","item":"https:\/\/www.eclatsdemail.com\/"},{"@type":"ListItem","position":2,"name":"Jour 10 &#8211; Communion"}]},{"@type":"WebSite","@id":"https:\/\/www.eclatsdemail.com\/#website","url":"https:\/\/www.eclatsdemail.com\/","name":"Festival \u00c9clats d&#039;\u00c9mail Jazz \u00c9dition","description":"2024","publisher":{"@id":"https:\/\/www.eclatsdemail.com\/#organization"},"potentialAction":[{"@type":"SearchAction","target":{"@type":"EntryPoint","urlTemplate":"https:\/\/www.eclatsdemail.com\/?s={search_term_string}"},"query-input":{"@type":"PropertyValueSpecification","valueRequired":true,"valueName":"search_term_string"}}],"inLanguage":"en-GB"},{"@type":"Organization","@id":"https:\/\/www.eclatsdemail.com\/#organization","name":"Festival \u00c9clats d'\u00c9mail Jazz \u00c9dition","url":"https:\/\/www.eclatsdemail.com\/","logo":{"@type":"ImageObject","inLanguage":"en-GB","@id":"https:\/\/www.eclatsdemail.com\/#\/schema\/logo\/image\/","url":"https:\/\/www.eclatsdemail.com\/wp-content\/uploads\/2022\/05\/cropped-logo2022.png","contentUrl":"https:\/\/www.eclatsdemail.com\/wp-content\/uploads\/2022\/05\/cropped-logo2022.png","width":616,"height":100,"caption":"Festival \u00c9clats d'\u00c9mail Jazz \u00c9dition"},"image":{"@id":"https:\/\/www.eclatsdemail.com\/#\/schema\/logo\/image\/"},"sameAs":["https:\/\/www.facebook.com\/jazzeclatsdemail","https:\/\/x.com\/eclatsemailjazz","https:\/\/www.instagram.com\/Festival_Eclats_d_Email_JAZZ\/"]},{"@type":"Person","@id":"https:\/\/www.eclatsdemail.com\/#\/schema\/person\/2029d40d8c6530367bbca3180e5cc771","name":"webmaster","image":{"@type":"ImageObject","inLanguage":"en-GB","@id":"https:\/\/secure.gravatar.com\/avatar\/33582f2397fd1937271398427a5a727b5de665bc4f224d466a522d78221f221d?s=96&d=mm&r=g","url":"https:\/\/secure.gravatar.com\/avatar\/33582f2397fd1937271398427a5a727b5de665bc4f224d466a522d78221f221d?s=96&d=mm&r=g","contentUrl":"https:\/\/secure.gravatar.com\/avatar\/33582f2397fd1937271398427a5a727b5de665bc4f224d466a522d78221f221d?s=96&d=mm&r=g","caption":"webmaster"},"sameAs":["http:\/\/s370308257.onlinehome.fr\/FEEV2"],"url":"https:\/\/www.eclatsdemail.com\/gb\/author\/webmaster\/"}]}},"_links":{"self":[{"href":"https:\/\/www.eclatsdemail.com\/gb\/wp-json\/wp\/v2\/posts\/12552","targetHints":{"allow":["GET"]}}],"collection":[{"href":"https:\/\/www.eclatsdemail.com\/gb\/wp-json\/wp\/v2\/posts"}],"about":[{"href":"https:\/\/www.eclatsdemail.com\/gb\/wp-json\/wp\/v2\/types\/post"}],"author":[{"embeddable":true,"href":"https:\/\/www.eclatsdemail.com\/gb\/wp-json\/wp\/v2\/users\/1"}],"replies":[{"embeddable":true,"href":"https:\/\/www.eclatsdemail.com\/gb\/wp-json\/wp\/v2\/comments?post=12552"}],"version-history":[{"count":1,"href":"https:\/\/www.eclatsdemail.com\/gb\/wp-json\/wp\/v2\/posts\/12552\/revisions"}],"predecessor-version":[{"id":12555,"href":"https:\/\/www.eclatsdemail.com\/gb\/wp-json\/wp\/v2\/posts\/12552\/revisions\/12555"}],"wp:featuredmedia":[{"embeddable":true,"href":"https:\/\/www.eclatsdemail.com\/gb\/wp-json\/wp\/v2\/media\/12554"}],"wp:attachment":[{"href":"https:\/\/www.eclatsdemail.com\/gb\/wp-json\/wp\/v2\/media?parent=12552"}],"wp:term":[{"taxonomy":"category","embeddable":true,"href":"https:\/\/www.eclatsdemail.com\/gb\/wp-json\/wp\/v2\/categories?post=12552"},{"taxonomy":"post_tag","embeddable":true,"href":"https:\/\/www.eclatsdemail.com\/gb\/wp-json\/wp\/v2\/tags?post=12552"}],"curies":[{"name":"wp","href":"https:\/\/api.w.org\/{rel}","templated":true}]}}