{"id":12540,"date":"2025-11-22T16:43:42","date_gmt":"2025-11-22T15:43:42","guid":{"rendered":"https:\/\/www.eclatsdemail.com\/?p=12540"},"modified":"2025-11-22T16:44:42","modified_gmt":"2025-11-22T15:44:42","slug":"jour-8-corde-sensible","status":"publish","type":"post","link":"https:\/\/www.eclatsdemail.com\/gb\/2025\/11\/22\/jour-8-corde-sensible\/","title":{"rendered":"Jour 8 &#8211; Corde sensible"},"content":{"rendered":"<div class=\"wpb-content-wrapper\"><p>[vc_row][vc_column][vc_column_text css=&#8221;&#8221;]J&#8217;ai construit beaucoup de mes grands souvenirs de concert seul. Seul \u00e0 Paris, \u00e0 \u00e9cumer les clubs de la rue des Lombards, avec des crochets par Strasbourg Saint Denis. Je n\u2019ai jamais fait le calcul, mais il est probable que cette p\u00e9riode repr\u00e9sente encore la majeure partie des concerts que j\u2019ai vus. J\u2019ai cependant un grand souvenir, avec un ami tr\u00e8s cher. Il y a 8 ans, cl\u00f4ture du festival de jazz de Tourcoing, trio Bir\u00e9li Lagr\u00e8ne, Kyle Eastwood, Jean-Luc Ponty.<\/p>\n<p>J&#8217;\u00e9coute pour la premi\u00e8re fois en live Bir\u00e9li Lagr\u00e8ne, et surtout, je d\u00e9couvre Jean-Luc Ponty. Qu\u2019est-ce que j\u2019ai pleur\u00e9 ce soir-l\u00e0. Sur le moment, je ne sais pas trop ce qui m\u2019arrive. En r\u00e9alit\u00e9, c\u2019est assez simple. Je suis en train de d\u00e9couvrir que l\u2019on peut faire des choses avec<br \/>\nune guitare, et avec un violon, que je n\u2019avais jamais envisag\u00e9es. Je d\u00e9couvre la ma\u00eetrise d\u2019un art qui d\u00e9passe mon entendement, et la seule r\u00e9action possible face \u00e0 ce son, ce sont les larmes.<\/p>\n<p>Je n&#8217;\u00e9tais pas seul il y a 8 ans pour Ponty et Lagr\u00e8ne, je ne suis pas seul ce soir pour Renaud Garcia Fons. Alors en 8 ans, je suis pass\u00e9 d\u2019une cinquantaine de concerts vus \u00e0 probablement un petit millier, et je ne sais combien d\u2019albums. Par rapport au jazz, c\u2019est comme si je n\u2019avais encore rien vu. Et donc, ce soir, je d\u00e9couvre pour la premi\u00e8re fois en live Renaud Garcia Fons. Mes glandes lacrymales sont bien pr\u00e9sentes, elles aussi. Elles ont fait le d\u00e9placement et ex\u00e9cutent \u00e0 la perfection les messages de mon syst\u00e8me nerveux. Vous l\u2019aurez compris, je suis subjugu\u00e9, \u00e9baubi, \u00e9bahi par ce que ce monsieur fait avec sa cinqui\u00e8me corde et son archet. Des sons impossibles, une technique \u00e9bouriffante.<\/p>\n<p>L\u2019immense diff\u00e9rence avec ce que j\u2019ai connu il y a 8 ans, c\u2019est qu\u2019il y a 8 ans, c\u2019\u00e9tait un concert tr\u00e8s technique, magnifique, mais qui manquait d\u2019une histoire. Ce soir, je me connecte en plus \u00e0 des contes et un univers qui r\u00e9sonnent en moi sans que je ne sache exactement pourquoi.<\/p>\n<p>Je n\u2019ai pas vraiment de doute lorsque la contrebasse sonne comme un oud, je pense \u00e0 l\u2019autre Blue Maqam, celui d\u2019Anouar Brahem. Pas de doutes non plus avec la composition entre Cuba et l\u2019Inde, c\u2019est imm\u00e9diatement le tr\u00e8s regrett\u00e9 Zakir Hussain que j\u2019ai \u00e0 l\u2019esprit, avec Crosscurrents. En revanche, j\u2019ignore d&#8217;o\u00f9 \u00e9mergent les vibrations produites par la voix de Solea Garcia Fons. Mon \u00e9motion parle toutes les langues, comprend tous les styles.<\/p>\n<p>Une fois de plus, je me sens incroyablement chanceux. Chanceux de partager ce concert, chanceux de pouvoir d\u00e9couvrir cette musique, les univers qu\u2019elle lie, les fronti\u00e8res qu\u2019elle d\u00e9passe. Tout le monde n\u2019a pas autant de chance, mais il se trouve que le concert de ce soir est enregistr\u00e9 par France Musique. \u201cProfitons-en\u201d nous dit le contrebassiste durant sa prestation. Il a raison. Il existe en France des personnes qui croient profond\u00e9ment qu\u2019il faut offrir \u00e0 tous la m\u00eame chance qu&#8217;\u00e0 moi. C\u2019est le cas de nombreux professeurs que j\u2019ai c\u00f4toy\u00e9s durant mes \u00e9tudes, et probablement dans la m\u00eame proportion, le cas des v\u00f4tres \u00e9galement, le cas des personnes qui nous soignent au quotidien.<\/p>\n<p>C\u2019est le cas des producteurs, charg\u00e9s de production, r\u00e9alisateurs, techniciens, ing\u00e9nieurs son de radiofrance. Des personnes investies d\u2019une mission essentielle \u00e0 la soci\u00e9t\u00e9, qui participent \u00e0 maintenir l\u2019id\u00e9e d&#8217;\u00e9galit\u00e9 \u00e0 flot. Sans eux, pas d&#8217;\u00e9ducation, pas de concert de Renaud Garcia Fons pour tous, pas d&#8217;\u00e9motions et d&#8217;histoires partag\u00e9es ensemble, pas de lien social. Faire le choix de limiter et supprimer ces acteurs, c\u2019est faire le choix d\u2019aller \u00e0 l&#8217;encontre des fondations de notre existence en tant que communaut\u00e9. Et emp\u00eacher cela nous appartient \u00e0 tous, \u00e0 chaque fois que nous pouvons exprimer nos voix de citoyens.<\/p>\n<p>Je ne parle pas plus de langues qu\u2019il y a 8 ans. Pourtant, j\u2019ai bien eu l&#8217;impression que nous parlions tous la m\u00eame hier soir. Cela a un sens, \u00e0 nous de nous en saisir.<\/p>\n<p><strong>Alexandre Fournet<\/strong><\/p>\n<p>&nbsp;<\/p>\n<p>\u00a9 Photo Didier Radiguet[\/vc_column_text][vc_single_image image=&#8221;12541&#8243; img_size=&#8221;full&#8221; alignment=&#8221;center&#8221; css=&#8221;&#8221;][\/vc_column][\/vc_row][vc_row][vc_column][vc_btn title=&#8221;Retour aux chroniques&#8221; style=&#8221;flat&#8221; shape=&#8221;square&#8221; color=&#8221;black&#8221; link=&#8221;url:https%3A%2F%2Fwww.eclatsdemail.com%2Fchroniques%2F|title:chroniques&#8221;][\/vc_column][\/vc_row]<\/p>\n<\/div>","protected":false},"excerpt":{"rendered":"<p>Renaud Garcia Fons<\/p>\n","protected":false},"author":1,"featured_media":12542,"comment_status":"closed","ping_status":"closed","sticky":false,"template":"","format":"standard","meta":{"footnotes":""},"categories":[52],"tags":[],"class_list":["post-12540","post","type-post","status-publish","format-standard","has-post-thumbnail","hentry","category-edition-2025"],"translation":{"provider":"WPGlobus","version":"3.0.2","language":"gb","enabled_languages":["fr","gb"],"languages":{"fr":{"title":true,"content":true,"excerpt":true},"gb":{"title":false,"content":false,"excerpt":false}}},"yoast_head":"<!-- This site is optimized with the Yoast SEO plugin v27.5 - https:\/\/yoast.com\/product\/yoast-seo-wordpress\/ -->\n<title>Jour 8 - Corde sensible - Festival \u00c9clats d&#039;\u00c9mail Jazz \u00c9dition<\/title>\n<meta name=\"robots\" content=\"index, follow, max-snippet:-1, max-image-preview:large, max-video-preview:-1\" \/>\n<link rel=\"canonical\" href=\"https:\/\/www.eclatsdemail.com\/2025\/11\/22\/jour-8-corde-sensible\/\" \/>\n<meta property=\"og:locale\" content=\"en_GB\" \/>\n<meta property=\"og:type\" content=\"article\" \/>\n<meta property=\"og:title\" content=\"Jour 8 - Corde sensible - Festival \u00c9clats d&#039;\u00c9mail Jazz \u00c9dition\" \/>\n<meta property=\"og:url\" content=\"https:\/\/www.eclatsdemail.com\/2025\/11\/22\/jour-8-corde-sensible\/\" \/>\n<meta property=\"og:site_name\" content=\"Festival \u00c9clats d&#039;\u00c9mail Jazz \u00c9dition\" \/>\n<meta property=\"article:publisher\" content=\"https:\/\/www.facebook.com\/jazzeclatsdemail\" \/>\n<meta property=\"article:published_time\" content=\"2025-11-22T15:43:42+00:00\" \/>\n<meta property=\"article:modified_time\" content=\"2025-11-22T15:44:42+00:00\" \/>\n<meta property=\"og:image\" content=\"https:\/\/www.eclatsdemail.com\/wp-content\/uploads\/2025\/11\/UX0B2870-scaled.jpg\" \/>\n\t<meta property=\"og:image:width\" content=\"2560\" \/>\n\t<meta property=\"og:image:height\" content=\"1707\" \/>\n\t<meta property=\"og:image:type\" content=\"image\/jpeg\" \/>\n<meta name=\"author\" content=\"webmaster\" \/>\n<meta name=\"twitter:card\" content=\"summary_large_image\" \/>\n<meta name=\"twitter:creator\" content=\"@eclatsemailjazz\" \/>\n<meta name=\"twitter:site\" content=\"@eclatsemailjazz\" \/>\n<meta name=\"twitter:label1\" content=\"Written by\" \/>\n\t<meta name=\"twitter:data1\" content=\"webmaster\" \/>\n\t<meta name=\"twitter:label2\" content=\"Est. reading time\" \/>\n\t<meta name=\"twitter:data2\" content=\"4 minutes\" \/>\n<script type=\"application\/ld+json\" class=\"yoast-schema-graph\">{\"@context\":\"https:\\\/\\\/schema.org\",\"@graph\":[{\"@type\":\"Article\",\"@id\":\"https:\\\/\\\/www.eclatsdemail.com\\\/2025\\\/11\\\/22\\\/jour-8-corde-sensible\\\/#article\",\"isPartOf\":{\"@id\":\"https:\\\/\\\/www.eclatsdemail.com\\\/2025\\\/11\\\/22\\\/jour-8-corde-sensible\\\/\"},\"author\":{\"name\":\"webmaster\",\"@id\":\"https:\\\/\\\/www.eclatsdemail.com\\\/#\\\/schema\\\/person\\\/2029d40d8c6530367bbca3180e5cc771\"},\"headline\":\"Jour 8 &#8211; Corde sensible\",\"datePublished\":\"2025-11-22T15:43:42+00:00\",\"dateModified\":\"2025-11-22T15:44:42+00:00\",\"mainEntityOfPage\":{\"@id\":\"https:\\\/\\\/www.eclatsdemail.com\\\/2025\\\/11\\\/22\\\/jour-8-corde-sensible\\\/\"},\"wordCount\":804,\"publisher\":{\"@id\":\"https:\\\/\\\/www.eclatsdemail.com\\\/#organization\"},\"image\":{\"@id\":\"https:\\\/\\\/www.eclatsdemail.com\\\/2025\\\/11\\\/22\\\/jour-8-corde-sensible\\\/#primaryimage\"},\"thumbnailUrl\":\"https:\\\/\\\/www.eclatsdemail.com\\\/wp-content\\\/uploads\\\/2025\\\/11\\\/UX0B2870-scaled.jpg\",\"articleSection\":[\"\u00e9dition 2025\"],\"inLanguage\":\"en-GB\"},{\"@type\":\"WebPage\",\"@id\":\"https:\\\/\\\/www.eclatsdemail.com\\\/2025\\\/11\\\/22\\\/jour-8-corde-sensible\\\/\",\"url\":\"https:\\\/\\\/www.eclatsdemail.com\\\/2025\\\/11\\\/22\\\/jour-8-corde-sensible\\\/\",\"name\":\"Jour 8 - Corde sensible - Festival \u00c9clats d&#039;\u00c9mail Jazz \u00c9dition\",\"isPartOf\":{\"@id\":\"https:\\\/\\\/www.eclatsdemail.com\\\/#website\"},\"primaryImageOfPage\":{\"@id\":\"https:\\\/\\\/www.eclatsdemail.com\\\/2025\\\/11\\\/22\\\/jour-8-corde-sensible\\\/#primaryimage\"},\"image\":{\"@id\":\"https:\\\/\\\/www.eclatsdemail.com\\\/2025\\\/11\\\/22\\\/jour-8-corde-sensible\\\/#primaryimage\"},\"thumbnailUrl\":\"https:\\\/\\\/www.eclatsdemail.com\\\/wp-content\\\/uploads\\\/2025\\\/11\\\/UX0B2870-scaled.jpg\",\"datePublished\":\"2025-11-22T15:43:42+00:00\",\"dateModified\":\"2025-11-22T15:44:42+00:00\",\"breadcrumb\":{\"@id\":\"https:\\\/\\\/www.eclatsdemail.com\\\/2025\\\/11\\\/22\\\/jour-8-corde-sensible\\\/#breadcrumb\"},\"inLanguage\":\"en-GB\",\"potentialAction\":[{\"@type\":\"ReadAction\",\"target\":[\"https:\\\/\\\/www.eclatsdemail.com\\\/2025\\\/11\\\/22\\\/jour-8-corde-sensible\\\/\"]}]},{\"@type\":\"ImageObject\",\"inLanguage\":\"en-GB\",\"@id\":\"https:\\\/\\\/www.eclatsdemail.com\\\/2025\\\/11\\\/22\\\/jour-8-corde-sensible\\\/#primaryimage\",\"url\":\"https:\\\/\\\/www.eclatsdemail.com\\\/wp-content\\\/uploads\\\/2025\\\/11\\\/UX0B2870-scaled.jpg\",\"contentUrl\":\"https:\\\/\\\/www.eclatsdemail.com\\\/wp-content\\\/uploads\\\/2025\\\/11\\\/UX0B2870-scaled.jpg\",\"width\":2560,\"height\":1707},{\"@type\":\"BreadcrumbList\",\"@id\":\"https:\\\/\\\/www.eclatsdemail.com\\\/2025\\\/11\\\/22\\\/jour-8-corde-sensible\\\/#breadcrumb\",\"itemListElement\":[{\"@type\":\"ListItem\",\"position\":1,\"name\":\"Accueil\",\"item\":\"https:\\\/\\\/www.eclatsdemail.com\\\/\"},{\"@type\":\"ListItem\",\"position\":2,\"name\":\"Jour 8 &#8211; Corde sensible\"}]},{\"@type\":\"WebSite\",\"@id\":\"https:\\\/\\\/www.eclatsdemail.com\\\/#website\",\"url\":\"https:\\\/\\\/www.eclatsdemail.com\\\/\",\"name\":\"Festival \u00c9clats d&#039;\u00c9mail Jazz \u00c9dition\",\"description\":\"2024\",\"publisher\":{\"@id\":\"https:\\\/\\\/www.eclatsdemail.com\\\/#organization\"},\"potentialAction\":[{\"@type\":\"SearchAction\",\"target\":{\"@type\":\"EntryPoint\",\"urlTemplate\":\"https:\\\/\\\/www.eclatsdemail.com\\\/?s={search_term_string}\"},\"query-input\":{\"@type\":\"PropertyValueSpecification\",\"valueRequired\":true,\"valueName\":\"search_term_string\"}}],\"inLanguage\":\"en-GB\"},{\"@type\":\"Organization\",\"@id\":\"https:\\\/\\\/www.eclatsdemail.com\\\/#organization\",\"name\":\"Festival \u00c9clats d'\u00c9mail Jazz \u00c9dition\",\"url\":\"https:\\\/\\\/www.eclatsdemail.com\\\/\",\"logo\":{\"@type\":\"ImageObject\",\"inLanguage\":\"en-GB\",\"@id\":\"https:\\\/\\\/www.eclatsdemail.com\\\/#\\\/schema\\\/logo\\\/image\\\/\",\"url\":\"https:\\\/\\\/www.eclatsdemail.com\\\/wp-content\\\/uploads\\\/2022\\\/05\\\/cropped-logo2022.png\",\"contentUrl\":\"https:\\\/\\\/www.eclatsdemail.com\\\/wp-content\\\/uploads\\\/2022\\\/05\\\/cropped-logo2022.png\",\"width\":616,\"height\":100,\"caption\":\"Festival \u00c9clats d'\u00c9mail Jazz \u00c9dition\"},\"image\":{\"@id\":\"https:\\\/\\\/www.eclatsdemail.com\\\/#\\\/schema\\\/logo\\\/image\\\/\"},\"sameAs\":[\"https:\\\/\\\/www.facebook.com\\\/jazzeclatsdemail\",\"https:\\\/\\\/x.com\\\/eclatsemailjazz\",\"https:\\\/\\\/www.instagram.com\\\/Festival_Eclats_d_Email_JAZZ\\\/\"]},{\"@type\":\"Person\",\"@id\":\"https:\\\/\\\/www.eclatsdemail.com\\\/#\\\/schema\\\/person\\\/2029d40d8c6530367bbca3180e5cc771\",\"name\":\"webmaster\",\"image\":{\"@type\":\"ImageObject\",\"inLanguage\":\"en-GB\",\"@id\":\"https:\\\/\\\/secure.gravatar.com\\\/avatar\\\/33582f2397fd1937271398427a5a727b5de665bc4f224d466a522d78221f221d?s=96&d=mm&r=g\",\"url\":\"https:\\\/\\\/secure.gravatar.com\\\/avatar\\\/33582f2397fd1937271398427a5a727b5de665bc4f224d466a522d78221f221d?s=96&d=mm&r=g\",\"contentUrl\":\"https:\\\/\\\/secure.gravatar.com\\\/avatar\\\/33582f2397fd1937271398427a5a727b5de665bc4f224d466a522d78221f221d?s=96&d=mm&r=g\",\"caption\":\"webmaster\"},\"sameAs\":[\"http:\\\/\\\/s370308257.onlinehome.fr\\\/FEEV2\"],\"url\":\"https:\\\/\\\/www.eclatsdemail.com\\\/gb\\\/author\\\/webmaster\\\/\"}]}<\/script>\n<!-- \/ Yoast SEO plugin. -->","yoast_head_json":{"title":"Jour 8 - Corde sensible - Festival \u00c9clats d&#039;\u00c9mail Jazz \u00c9dition","robots":{"index":"index","follow":"follow","max-snippet":"max-snippet:-1","max-image-preview":"max-image-preview:large","max-video-preview":"max-video-preview:-1"},"canonical":"https:\/\/www.eclatsdemail.com\/2025\/11\/22\/jour-8-corde-sensible\/","og_locale":"en_GB","og_type":"article","og_title":"Jour 8 - Corde sensible - Festival \u00c9clats d&#039;\u00c9mail Jazz \u00c9dition","og_url":"https:\/\/www.eclatsdemail.com\/2025\/11\/22\/jour-8-corde-sensible\/","og_site_name":"Festival \u00c9clats d&#039;\u00c9mail Jazz \u00c9dition","article_publisher":"https:\/\/www.facebook.com\/jazzeclatsdemail","article_published_time":"2025-11-22T15:43:42+00:00","article_modified_time":"2025-11-22T15:44:42+00:00","og_image":[{"width":2560,"height":1707,"url":"https:\/\/www.eclatsdemail.com\/wp-content\/uploads\/2025\/11\/UX0B2870-scaled.jpg","type":"image\/jpeg"}],"author":"webmaster","twitter_card":"summary_large_image","twitter_creator":"@eclatsemailjazz","twitter_site":"@eclatsemailjazz","twitter_misc":{"Written by":"webmaster","Est. reading time":"4 minutes"},"schema":{"@context":"https:\/\/schema.org","@graph":[{"@type":"Article","@id":"https:\/\/www.eclatsdemail.com\/2025\/11\/22\/jour-8-corde-sensible\/#article","isPartOf":{"@id":"https:\/\/www.eclatsdemail.com\/2025\/11\/22\/jour-8-corde-sensible\/"},"author":{"name":"webmaster","@id":"https:\/\/www.eclatsdemail.com\/#\/schema\/person\/2029d40d8c6530367bbca3180e5cc771"},"headline":"Jour 8 &#8211; Corde sensible","datePublished":"2025-11-22T15:43:42+00:00","dateModified":"2025-11-22T15:44:42+00:00","mainEntityOfPage":{"@id":"https:\/\/www.eclatsdemail.com\/2025\/11\/22\/jour-8-corde-sensible\/"},"wordCount":804,"publisher":{"@id":"https:\/\/www.eclatsdemail.com\/#organization"},"image":{"@id":"https:\/\/www.eclatsdemail.com\/2025\/11\/22\/jour-8-corde-sensible\/#primaryimage"},"thumbnailUrl":"https:\/\/www.eclatsdemail.com\/wp-content\/uploads\/2025\/11\/UX0B2870-scaled.jpg","articleSection":["\u00e9dition 2025"],"inLanguage":"en-GB"},{"@type":"WebPage","@id":"https:\/\/www.eclatsdemail.com\/2025\/11\/22\/jour-8-corde-sensible\/","url":"https:\/\/www.eclatsdemail.com\/2025\/11\/22\/jour-8-corde-sensible\/","name":"Jour 8 - Corde sensible - Festival \u00c9clats d&#039;\u00c9mail Jazz \u00c9dition","isPartOf":{"@id":"https:\/\/www.eclatsdemail.com\/#website"},"primaryImageOfPage":{"@id":"https:\/\/www.eclatsdemail.com\/2025\/11\/22\/jour-8-corde-sensible\/#primaryimage"},"image":{"@id":"https:\/\/www.eclatsdemail.com\/2025\/11\/22\/jour-8-corde-sensible\/#primaryimage"},"thumbnailUrl":"https:\/\/www.eclatsdemail.com\/wp-content\/uploads\/2025\/11\/UX0B2870-scaled.jpg","datePublished":"2025-11-22T15:43:42+00:00","dateModified":"2025-11-22T15:44:42+00:00","breadcrumb":{"@id":"https:\/\/www.eclatsdemail.com\/2025\/11\/22\/jour-8-corde-sensible\/#breadcrumb"},"inLanguage":"en-GB","potentialAction":[{"@type":"ReadAction","target":["https:\/\/www.eclatsdemail.com\/2025\/11\/22\/jour-8-corde-sensible\/"]}]},{"@type":"ImageObject","inLanguage":"en-GB","@id":"https:\/\/www.eclatsdemail.com\/2025\/11\/22\/jour-8-corde-sensible\/#primaryimage","url":"https:\/\/www.eclatsdemail.com\/wp-content\/uploads\/2025\/11\/UX0B2870-scaled.jpg","contentUrl":"https:\/\/www.eclatsdemail.com\/wp-content\/uploads\/2025\/11\/UX0B2870-scaled.jpg","width":2560,"height":1707},{"@type":"BreadcrumbList","@id":"https:\/\/www.eclatsdemail.com\/2025\/11\/22\/jour-8-corde-sensible\/#breadcrumb","itemListElement":[{"@type":"ListItem","position":1,"name":"Accueil","item":"https:\/\/www.eclatsdemail.com\/"},{"@type":"ListItem","position":2,"name":"Jour 8 &#8211; Corde sensible"}]},{"@type":"WebSite","@id":"https:\/\/www.eclatsdemail.com\/#website","url":"https:\/\/www.eclatsdemail.com\/","name":"Festival \u00c9clats d&#039;\u00c9mail Jazz \u00c9dition","description":"2024","publisher":{"@id":"https:\/\/www.eclatsdemail.com\/#organization"},"potentialAction":[{"@type":"SearchAction","target":{"@type":"EntryPoint","urlTemplate":"https:\/\/www.eclatsdemail.com\/?s={search_term_string}"},"query-input":{"@type":"PropertyValueSpecification","valueRequired":true,"valueName":"search_term_string"}}],"inLanguage":"en-GB"},{"@type":"Organization","@id":"https:\/\/www.eclatsdemail.com\/#organization","name":"Festival \u00c9clats d'\u00c9mail Jazz \u00c9dition","url":"https:\/\/www.eclatsdemail.com\/","logo":{"@type":"ImageObject","inLanguage":"en-GB","@id":"https:\/\/www.eclatsdemail.com\/#\/schema\/logo\/image\/","url":"https:\/\/www.eclatsdemail.com\/wp-content\/uploads\/2022\/05\/cropped-logo2022.png","contentUrl":"https:\/\/www.eclatsdemail.com\/wp-content\/uploads\/2022\/05\/cropped-logo2022.png","width":616,"height":100,"caption":"Festival \u00c9clats d'\u00c9mail Jazz \u00c9dition"},"image":{"@id":"https:\/\/www.eclatsdemail.com\/#\/schema\/logo\/image\/"},"sameAs":["https:\/\/www.facebook.com\/jazzeclatsdemail","https:\/\/x.com\/eclatsemailjazz","https:\/\/www.instagram.com\/Festival_Eclats_d_Email_JAZZ\/"]},{"@type":"Person","@id":"https:\/\/www.eclatsdemail.com\/#\/schema\/person\/2029d40d8c6530367bbca3180e5cc771","name":"webmaster","image":{"@type":"ImageObject","inLanguage":"en-GB","@id":"https:\/\/secure.gravatar.com\/avatar\/33582f2397fd1937271398427a5a727b5de665bc4f224d466a522d78221f221d?s=96&d=mm&r=g","url":"https:\/\/secure.gravatar.com\/avatar\/33582f2397fd1937271398427a5a727b5de665bc4f224d466a522d78221f221d?s=96&d=mm&r=g","contentUrl":"https:\/\/secure.gravatar.com\/avatar\/33582f2397fd1937271398427a5a727b5de665bc4f224d466a522d78221f221d?s=96&d=mm&r=g","caption":"webmaster"},"sameAs":["http:\/\/s370308257.onlinehome.fr\/FEEV2"],"url":"https:\/\/www.eclatsdemail.com\/gb\/author\/webmaster\/"}]}},"_links":{"self":[{"href":"https:\/\/www.eclatsdemail.com\/gb\/wp-json\/wp\/v2\/posts\/12540","targetHints":{"allow":["GET"]}}],"collection":[{"href":"https:\/\/www.eclatsdemail.com\/gb\/wp-json\/wp\/v2\/posts"}],"about":[{"href":"https:\/\/www.eclatsdemail.com\/gb\/wp-json\/wp\/v2\/types\/post"}],"author":[{"embeddable":true,"href":"https:\/\/www.eclatsdemail.com\/gb\/wp-json\/wp\/v2\/users\/1"}],"replies":[{"embeddable":true,"href":"https:\/\/www.eclatsdemail.com\/gb\/wp-json\/wp\/v2\/comments?post=12540"}],"version-history":[{"count":3,"href":"https:\/\/www.eclatsdemail.com\/gb\/wp-json\/wp\/v2\/posts\/12540\/revisions"}],"predecessor-version":[{"id":12545,"href":"https:\/\/www.eclatsdemail.com\/gb\/wp-json\/wp\/v2\/posts\/12540\/revisions\/12545"}],"wp:featuredmedia":[{"embeddable":true,"href":"https:\/\/www.eclatsdemail.com\/gb\/wp-json\/wp\/v2\/media\/12542"}],"wp:attachment":[{"href":"https:\/\/www.eclatsdemail.com\/gb\/wp-json\/wp\/v2\/media?parent=12540"}],"wp:term":[{"taxonomy":"category","embeddable":true,"href":"https:\/\/www.eclatsdemail.com\/gb\/wp-json\/wp\/v2\/categories?post=12540"},{"taxonomy":"post_tag","embeddable":true,"href":"https:\/\/www.eclatsdemail.com\/gb\/wp-json\/wp\/v2\/tags?post=12540"}],"curies":[{"name":"wp","href":"https:\/\/api.w.org\/{rel}","templated":true}]}}