{"id":12502,"date":"2025-11-17T14:18:27","date_gmt":"2025-11-17T13:18:27","guid":{"rendered":"https:\/\/www.eclatsdemail.com\/?p=12502"},"modified":"2025-11-20T14:19:43","modified_gmt":"2025-11-20T13:19:43","slug":"jour-3-ludivine-issambourg-d-k-harrell-bouillies","status":"publish","type":"post","link":"https:\/\/www.eclatsdemail.com\/gb\/2025\/11\/17\/jour-3-ludivine-issambourg-d-k-harrell-bouillies\/","title":{"rendered":"Jour 3 &#8211; Bouillies"},"content":{"rendered":"<div class=\"wpb-content-wrapper\"><p>[vc_row][vc_column][vc_column_text css=&#8221;&#8221;]D.K. Harrell semble bien d\u00e9cid\u00e9 \u00e0 emporter l&#8217;adh\u00e9sion du Grand Th\u00e9\u00e2tre par tous les moyens. Le bluesman am\u00e9ricain d\u00e9ploie des tr\u00e9sors de charme et de sons pour conqu\u00e9rir Limoges. Et pendant la premi\u00e8re heure du concert, la formule explosive fonctionne \u00e0 merveille. Les compositions du louisianais d\u00e9passent largement mes attentes en mati\u00e8re de Blues. Sa voix claire, sa technique guitaristique pr\u00e9cise, ses frasques amusantes, pendant une heure, tout y est.<\/p>\n<p>Et puis, le souffl\u00e9 retombe un peu, pour moi. Je sens que l\u2019heure idyllique est pass\u00e9e, et la formule du d\u00e9but du concert s&#8217;essouffle. Bien s\u00fbr, la voix est toujours l\u00e0, et son jeu \u00e0 la guitare reste brillant. Mais, je ne suis plus dedans. D.K. Harrell m\u2019a oubli\u00e9 en route, et je semble \u00eatre le seul concern\u00e9, \u00e0 en croire les hurlements joyeux de la salle. Je sors du Grand Th\u00e9\u00e2tre un peu interloqu\u00e9. Si le concert n\u2019avait dur\u00e9 qu\u2019une heure, j&#8217;aurais cri\u00e9 au g\u00e9nie. A la place je me contenterais d&#8217;appr\u00e9cier le potentiel de ce jeune homme tr\u00e8s prometteur.<\/p>\n<p>\u00c9tais-je d\u00e9j\u00e0 satur\u00e9 de bonnes ondes apr\u00e8s le concert de Ludivine Issambourg qui s&#8217;\u00e9tait fini peu avant ? C\u2019est fort probable. J&#8217;\u00e9tais bien en forme apr\u00e8s deux premi\u00e8res journ\u00e9es de festival all\u00e9chantes. Je ne pensais pas avoir besoin d&#8217;\u00e9nergie. Manifestement, j&#8217;avais tort. Au sortir du concert du sextet de Ludivine Issambourg, j\u2019\u00e9tais recharg\u00e9, ragaillardi, d\u00e9bordant d&#8217;\u00e9nergie. \u00c7a m\u2019a fait du bien. Je me suis laiss\u00e9 aller, laiss\u00e9 compl\u00e8tement gagner par la gaiet\u00e9 du groupe, j\u2019ai arr\u00eat\u00e9 de me demander comment \u00e9taient-ils tous aussi bons et aussi justes ensemble et j\u2019ai accept\u00e9 l\u2019avalanche de plaisir offerte.<\/p>\n<p>La fl\u00fbte peut \u00eatre un cri d\u00e9chirant, une feuille que l\u2019on froisse, une section rythmique, un rouge gorge volubile. Cet apr\u00e8s-midi, c\u2019\u00e9tait un peu de tout \u00e0 la fois, mani\u00e9e par une instrumentiste qui a d\u00e9cid\u00e9 d\u2019en faire le fer de lance d\u2019une musique joyeuse, d\u00e9cha\u00een\u00e9e, survolt\u00e9e. Bien s\u00fbr, l\u2019articulation \u00e9tait impeccable. Bien s\u00fbr, la vitesse, la dext\u00e9rit\u00e9 et l&#8217;\u00e9quilibre \u00e9taient stup\u00e9fiants. Mais je peinais \u00e0 m\u2019y attarder parce que dans mon cerveau, on me hurlait de juste m&#8217;\u00e9clater.<\/p>\n<p>Vincent Aubert et Sylvain F\u00e9tis, \u00e0 la faveur de fac\u00e9ties que l\u2019on ne peut se permettre qu\u2019avec leur aisance, participaient \u00e0 me faire d\u00e9poser les armes de la r\u00e9flexion. Je n&#8217;\u00e9tais plus qu\u2019un \u00eatre de r\u00e9jouissance, \u00e0 la merci d\u2019un sextet ravageur. J\u2019arrivais quand m\u00eame, dans de rares moments de lucidit\u00e9, \u00e0 remarquer la qualit\u00e9 d&#8217;\u00e9coute de Nicolas Derand, qui m\u2019a paru tout bonnement unique. A chaque solo des autres instrumentistes, le clavi\u00e9riste trouvait la note, la phrase en plus pour sublimer la prise de parole en cours. Je n\u2019ai pas le souvenir d&#8217;avoir \u00e9t\u00e9 fascin\u00e9 \u00e0 ce point par la capacit\u00e9 d\u2019une personne \u00e0 en faire briller d\u2019autres.<\/p>\n<p>Rassasi\u00e9, le cerveau bouilli, je n\u2019avais peut-\u00eatre plus tout \u00e0 fait l&#8217;\u00e9coute n\u00e9cessaire pour la longue prestation de D.K. Harrell. Qu&#8217;importe, je retiens la premi\u00e8re heure du bluesman, et les d\u00e9ferlements d\u00e9licieux du sextet de Ludivine Issambourg.<\/p>\n<p><strong>Alexandre Fournet<\/strong><\/p>\n<p>&nbsp;<\/p>\n<p>\u00a9Photo Didier Radiguet[\/vc_column_text][vc_single_image image=&#8221;12503&#8243; img_size=&#8221;full&#8221; alignment=&#8221;center&#8221; css=&#8221;&#8221;][\/vc_column][\/vc_row][vc_row][vc_column][vc_btn title=&#8221;Retour aux chroniques&#8221; style=&#8221;flat&#8221; shape=&#8221;square&#8221; color=&#8221;black&#8221; link=&#8221;url:https%3A%2F%2Fwww.eclatsdemail.com%2Fchroniques%2F|title:chroniques&#8221;][\/vc_column][\/vc_row]<\/p>\n<\/div>","protected":false},"excerpt":{"rendered":"<p>Ludivine Issambourg et D.K. Harrell<\/p>\n","protected":false},"author":1,"featured_media":12504,"comment_status":"closed","ping_status":"closed","sticky":false,"template":"","format":"standard","meta":{"footnotes":""},"categories":[52],"tags":[],"class_list":["post-12502","post","type-post","status-publish","format-standard","has-post-thumbnail","hentry","category-edition-2025"],"translation":{"provider":"WPGlobus","version":"3.0.2","language":"gb","enabled_languages":["fr","gb"],"languages":{"fr":{"title":true,"content":true,"excerpt":true},"gb":{"title":false,"content":false,"excerpt":false}}},"yoast_head":"<!-- This site is optimized with the Yoast SEO plugin v27.4 - https:\/\/yoast.com\/product\/yoast-seo-wordpress\/ -->\n<title>Jour 3 - Bouillies - Festival \u00c9clats d&#039;\u00c9mail Jazz \u00c9dition<\/title>\n<meta name=\"robots\" content=\"index, follow, max-snippet:-1, max-image-preview:large, max-video-preview:-1\" \/>\n<link rel=\"canonical\" href=\"https:\/\/www.eclatsdemail.com\/2025\/11\/17\/jour-3-ludivine-issambourg-d-k-harrell-bouillies\/\" \/>\n<meta property=\"og:locale\" content=\"en_GB\" \/>\n<meta property=\"og:type\" content=\"article\" \/>\n<meta property=\"og:title\" content=\"Jour 3 - Bouillies - Festival \u00c9clats d&#039;\u00c9mail Jazz \u00c9dition\" \/>\n<meta property=\"og:url\" content=\"https:\/\/www.eclatsdemail.com\/2025\/11\/17\/jour-3-ludivine-issambourg-d-k-harrell-bouillies\/\" \/>\n<meta property=\"og:site_name\" content=\"Festival \u00c9clats d&#039;\u00c9mail Jazz \u00c9dition\" \/>\n<meta property=\"article:publisher\" content=\"https:\/\/www.facebook.com\/jazzeclatsdemail\" \/>\n<meta property=\"article:published_time\" content=\"2025-11-17T13:18:27+00:00\" \/>\n<meta property=\"article:modified_time\" content=\"2025-11-20T13:19:43+00:00\" \/>\n<meta property=\"og:image\" content=\"https:\/\/www.eclatsdemail.com\/wp-content\/uploads\/2025\/11\/UX0B0499-scaled.jpg\" \/>\n\t<meta property=\"og:image:width\" content=\"2560\" \/>\n\t<meta property=\"og:image:height\" content=\"1707\" \/>\n\t<meta property=\"og:image:type\" content=\"image\/jpeg\" \/>\n<meta name=\"author\" content=\"webmaster\" \/>\n<meta name=\"twitter:card\" content=\"summary_large_image\" \/>\n<meta name=\"twitter:creator\" content=\"@eclatsemailjazz\" \/>\n<meta name=\"twitter:site\" content=\"@eclatsemailjazz\" \/>\n<meta name=\"twitter:label1\" content=\"Written by\" \/>\n\t<meta name=\"twitter:data1\" content=\"webmaster\" \/>\n\t<meta name=\"twitter:label2\" content=\"Est. reading time\" \/>\n\t<meta name=\"twitter:data2\" content=\"3 minutes\" \/>\n<script type=\"application\/ld+json\" class=\"yoast-schema-graph\">{\"@context\":\"https:\\\/\\\/schema.org\",\"@graph\":[{\"@type\":\"Article\",\"@id\":\"https:\\\/\\\/www.eclatsdemail.com\\\/2025\\\/11\\\/17\\\/jour-3-ludivine-issambourg-d-k-harrell-bouillies\\\/#article\",\"isPartOf\":{\"@id\":\"https:\\\/\\\/www.eclatsdemail.com\\\/2025\\\/11\\\/17\\\/jour-3-ludivine-issambourg-d-k-harrell-bouillies\\\/\"},\"author\":{\"name\":\"webmaster\",\"@id\":\"https:\\\/\\\/www.eclatsdemail.com\\\/#\\\/schema\\\/person\\\/2029d40d8c6530367bbca3180e5cc771\"},\"headline\":\"Jour 3 &#8211; Bouillies\",\"datePublished\":\"2025-11-17T13:18:27+00:00\",\"dateModified\":\"2025-11-20T13:19:43+00:00\",\"mainEntityOfPage\":{\"@id\":\"https:\\\/\\\/www.eclatsdemail.com\\\/2025\\\/11\\\/17\\\/jour-3-ludivine-issambourg-d-k-harrell-bouillies\\\/\"},\"wordCount\":640,\"publisher\":{\"@id\":\"https:\\\/\\\/www.eclatsdemail.com\\\/#organization\"},\"image\":{\"@id\":\"https:\\\/\\\/www.eclatsdemail.com\\\/2025\\\/11\\\/17\\\/jour-3-ludivine-issambourg-d-k-harrell-bouillies\\\/#primaryimage\"},\"thumbnailUrl\":\"https:\\\/\\\/www.eclatsdemail.com\\\/wp-content\\\/uploads\\\/2025\\\/11\\\/UX0B0499-scaled.jpg\",\"articleSection\":[\"\u00e9dition 2025\"],\"inLanguage\":\"en-GB\"},{\"@type\":\"WebPage\",\"@id\":\"https:\\\/\\\/www.eclatsdemail.com\\\/2025\\\/11\\\/17\\\/jour-3-ludivine-issambourg-d-k-harrell-bouillies\\\/\",\"url\":\"https:\\\/\\\/www.eclatsdemail.com\\\/2025\\\/11\\\/17\\\/jour-3-ludivine-issambourg-d-k-harrell-bouillies\\\/\",\"name\":\"Jour 3 - Bouillies - Festival \u00c9clats d&#039;\u00c9mail Jazz \u00c9dition\",\"isPartOf\":{\"@id\":\"https:\\\/\\\/www.eclatsdemail.com\\\/#website\"},\"primaryImageOfPage\":{\"@id\":\"https:\\\/\\\/www.eclatsdemail.com\\\/2025\\\/11\\\/17\\\/jour-3-ludivine-issambourg-d-k-harrell-bouillies\\\/#primaryimage\"},\"image\":{\"@id\":\"https:\\\/\\\/www.eclatsdemail.com\\\/2025\\\/11\\\/17\\\/jour-3-ludivine-issambourg-d-k-harrell-bouillies\\\/#primaryimage\"},\"thumbnailUrl\":\"https:\\\/\\\/www.eclatsdemail.com\\\/wp-content\\\/uploads\\\/2025\\\/11\\\/UX0B0499-scaled.jpg\",\"datePublished\":\"2025-11-17T13:18:27+00:00\",\"dateModified\":\"2025-11-20T13:19:43+00:00\",\"breadcrumb\":{\"@id\":\"https:\\\/\\\/www.eclatsdemail.com\\\/2025\\\/11\\\/17\\\/jour-3-ludivine-issambourg-d-k-harrell-bouillies\\\/#breadcrumb\"},\"inLanguage\":\"en-GB\",\"potentialAction\":[{\"@type\":\"ReadAction\",\"target\":[\"https:\\\/\\\/www.eclatsdemail.com\\\/2025\\\/11\\\/17\\\/jour-3-ludivine-issambourg-d-k-harrell-bouillies\\\/\"]}]},{\"@type\":\"ImageObject\",\"inLanguage\":\"en-GB\",\"@id\":\"https:\\\/\\\/www.eclatsdemail.com\\\/2025\\\/11\\\/17\\\/jour-3-ludivine-issambourg-d-k-harrell-bouillies\\\/#primaryimage\",\"url\":\"https:\\\/\\\/www.eclatsdemail.com\\\/wp-content\\\/uploads\\\/2025\\\/11\\\/UX0B0499-scaled.jpg\",\"contentUrl\":\"https:\\\/\\\/www.eclatsdemail.com\\\/wp-content\\\/uploads\\\/2025\\\/11\\\/UX0B0499-scaled.jpg\",\"width\":2560,\"height\":1707},{\"@type\":\"BreadcrumbList\",\"@id\":\"https:\\\/\\\/www.eclatsdemail.com\\\/2025\\\/11\\\/17\\\/jour-3-ludivine-issambourg-d-k-harrell-bouillies\\\/#breadcrumb\",\"itemListElement\":[{\"@type\":\"ListItem\",\"position\":1,\"name\":\"Accueil\",\"item\":\"https:\\\/\\\/www.eclatsdemail.com\\\/\"},{\"@type\":\"ListItem\",\"position\":2,\"name\":\"Jour 3 &#8211; Bouillies\"}]},{\"@type\":\"WebSite\",\"@id\":\"https:\\\/\\\/www.eclatsdemail.com\\\/#website\",\"url\":\"https:\\\/\\\/www.eclatsdemail.com\\\/\",\"name\":\"Festival \u00c9clats d&#039;\u00c9mail Jazz \u00c9dition\",\"description\":\"2024\",\"publisher\":{\"@id\":\"https:\\\/\\\/www.eclatsdemail.com\\\/#organization\"},\"potentialAction\":[{\"@type\":\"SearchAction\",\"target\":{\"@type\":\"EntryPoint\",\"urlTemplate\":\"https:\\\/\\\/www.eclatsdemail.com\\\/?s={search_term_string}\"},\"query-input\":{\"@type\":\"PropertyValueSpecification\",\"valueRequired\":true,\"valueName\":\"search_term_string\"}}],\"inLanguage\":\"en-GB\"},{\"@type\":\"Organization\",\"@id\":\"https:\\\/\\\/www.eclatsdemail.com\\\/#organization\",\"name\":\"Festival \u00c9clats d'\u00c9mail Jazz \u00c9dition\",\"url\":\"https:\\\/\\\/www.eclatsdemail.com\\\/\",\"logo\":{\"@type\":\"ImageObject\",\"inLanguage\":\"en-GB\",\"@id\":\"https:\\\/\\\/www.eclatsdemail.com\\\/#\\\/schema\\\/logo\\\/image\\\/\",\"url\":\"https:\\\/\\\/www.eclatsdemail.com\\\/wp-content\\\/uploads\\\/2022\\\/05\\\/cropped-logo2022.png\",\"contentUrl\":\"https:\\\/\\\/www.eclatsdemail.com\\\/wp-content\\\/uploads\\\/2022\\\/05\\\/cropped-logo2022.png\",\"width\":616,\"height\":100,\"caption\":\"Festival \u00c9clats d'\u00c9mail Jazz \u00c9dition\"},\"image\":{\"@id\":\"https:\\\/\\\/www.eclatsdemail.com\\\/#\\\/schema\\\/logo\\\/image\\\/\"},\"sameAs\":[\"https:\\\/\\\/www.facebook.com\\\/jazzeclatsdemail\",\"https:\\\/\\\/x.com\\\/eclatsemailjazz\",\"https:\\\/\\\/www.instagram.com\\\/Festival_Eclats_d_Email_JAZZ\\\/\"]},{\"@type\":\"Person\",\"@id\":\"https:\\\/\\\/www.eclatsdemail.com\\\/#\\\/schema\\\/person\\\/2029d40d8c6530367bbca3180e5cc771\",\"name\":\"webmaster\",\"image\":{\"@type\":\"ImageObject\",\"inLanguage\":\"en-GB\",\"@id\":\"https:\\\/\\\/secure.gravatar.com\\\/avatar\\\/33582f2397fd1937271398427a5a727b5de665bc4f224d466a522d78221f221d?s=96&d=mm&r=g\",\"url\":\"https:\\\/\\\/secure.gravatar.com\\\/avatar\\\/33582f2397fd1937271398427a5a727b5de665bc4f224d466a522d78221f221d?s=96&d=mm&r=g\",\"contentUrl\":\"https:\\\/\\\/secure.gravatar.com\\\/avatar\\\/33582f2397fd1937271398427a5a727b5de665bc4f224d466a522d78221f221d?s=96&d=mm&r=g\",\"caption\":\"webmaster\"},\"sameAs\":[\"http:\\\/\\\/s370308257.onlinehome.fr\\\/FEEV2\"],\"url\":\"https:\\\/\\\/www.eclatsdemail.com\\\/gb\\\/author\\\/webmaster\\\/\"}]}<\/script>\n<!-- \/ Yoast SEO plugin. -->","yoast_head_json":{"title":"Jour 3 - Bouillies - Festival \u00c9clats d&#039;\u00c9mail Jazz \u00c9dition","robots":{"index":"index","follow":"follow","max-snippet":"max-snippet:-1","max-image-preview":"max-image-preview:large","max-video-preview":"max-video-preview:-1"},"canonical":"https:\/\/www.eclatsdemail.com\/2025\/11\/17\/jour-3-ludivine-issambourg-d-k-harrell-bouillies\/","og_locale":"en_GB","og_type":"article","og_title":"Jour 3 - Bouillies - Festival \u00c9clats d&#039;\u00c9mail Jazz \u00c9dition","og_url":"https:\/\/www.eclatsdemail.com\/2025\/11\/17\/jour-3-ludivine-issambourg-d-k-harrell-bouillies\/","og_site_name":"Festival \u00c9clats d&#039;\u00c9mail Jazz \u00c9dition","article_publisher":"https:\/\/www.facebook.com\/jazzeclatsdemail","article_published_time":"2025-11-17T13:18:27+00:00","article_modified_time":"2025-11-20T13:19:43+00:00","og_image":[{"width":2560,"height":1707,"url":"https:\/\/www.eclatsdemail.com\/wp-content\/uploads\/2025\/11\/UX0B0499-scaled.jpg","type":"image\/jpeg"}],"author":"webmaster","twitter_card":"summary_large_image","twitter_creator":"@eclatsemailjazz","twitter_site":"@eclatsemailjazz","twitter_misc":{"Written by":"webmaster","Est. reading time":"3 minutes"},"schema":{"@context":"https:\/\/schema.org","@graph":[{"@type":"Article","@id":"https:\/\/www.eclatsdemail.com\/2025\/11\/17\/jour-3-ludivine-issambourg-d-k-harrell-bouillies\/#article","isPartOf":{"@id":"https:\/\/www.eclatsdemail.com\/2025\/11\/17\/jour-3-ludivine-issambourg-d-k-harrell-bouillies\/"},"author":{"name":"webmaster","@id":"https:\/\/www.eclatsdemail.com\/#\/schema\/person\/2029d40d8c6530367bbca3180e5cc771"},"headline":"Jour 3 &#8211; Bouillies","datePublished":"2025-11-17T13:18:27+00:00","dateModified":"2025-11-20T13:19:43+00:00","mainEntityOfPage":{"@id":"https:\/\/www.eclatsdemail.com\/2025\/11\/17\/jour-3-ludivine-issambourg-d-k-harrell-bouillies\/"},"wordCount":640,"publisher":{"@id":"https:\/\/www.eclatsdemail.com\/#organization"},"image":{"@id":"https:\/\/www.eclatsdemail.com\/2025\/11\/17\/jour-3-ludivine-issambourg-d-k-harrell-bouillies\/#primaryimage"},"thumbnailUrl":"https:\/\/www.eclatsdemail.com\/wp-content\/uploads\/2025\/11\/UX0B0499-scaled.jpg","articleSection":["\u00e9dition 2025"],"inLanguage":"en-GB"},{"@type":"WebPage","@id":"https:\/\/www.eclatsdemail.com\/2025\/11\/17\/jour-3-ludivine-issambourg-d-k-harrell-bouillies\/","url":"https:\/\/www.eclatsdemail.com\/2025\/11\/17\/jour-3-ludivine-issambourg-d-k-harrell-bouillies\/","name":"Jour 3 - Bouillies - Festival \u00c9clats d&#039;\u00c9mail Jazz \u00c9dition","isPartOf":{"@id":"https:\/\/www.eclatsdemail.com\/#website"},"primaryImageOfPage":{"@id":"https:\/\/www.eclatsdemail.com\/2025\/11\/17\/jour-3-ludivine-issambourg-d-k-harrell-bouillies\/#primaryimage"},"image":{"@id":"https:\/\/www.eclatsdemail.com\/2025\/11\/17\/jour-3-ludivine-issambourg-d-k-harrell-bouillies\/#primaryimage"},"thumbnailUrl":"https:\/\/www.eclatsdemail.com\/wp-content\/uploads\/2025\/11\/UX0B0499-scaled.jpg","datePublished":"2025-11-17T13:18:27+00:00","dateModified":"2025-11-20T13:19:43+00:00","breadcrumb":{"@id":"https:\/\/www.eclatsdemail.com\/2025\/11\/17\/jour-3-ludivine-issambourg-d-k-harrell-bouillies\/#breadcrumb"},"inLanguage":"en-GB","potentialAction":[{"@type":"ReadAction","target":["https:\/\/www.eclatsdemail.com\/2025\/11\/17\/jour-3-ludivine-issambourg-d-k-harrell-bouillies\/"]}]},{"@type":"ImageObject","inLanguage":"en-GB","@id":"https:\/\/www.eclatsdemail.com\/2025\/11\/17\/jour-3-ludivine-issambourg-d-k-harrell-bouillies\/#primaryimage","url":"https:\/\/www.eclatsdemail.com\/wp-content\/uploads\/2025\/11\/UX0B0499-scaled.jpg","contentUrl":"https:\/\/www.eclatsdemail.com\/wp-content\/uploads\/2025\/11\/UX0B0499-scaled.jpg","width":2560,"height":1707},{"@type":"BreadcrumbList","@id":"https:\/\/www.eclatsdemail.com\/2025\/11\/17\/jour-3-ludivine-issambourg-d-k-harrell-bouillies\/#breadcrumb","itemListElement":[{"@type":"ListItem","position":1,"name":"Accueil","item":"https:\/\/www.eclatsdemail.com\/"},{"@type":"ListItem","position":2,"name":"Jour 3 &#8211; Bouillies"}]},{"@type":"WebSite","@id":"https:\/\/www.eclatsdemail.com\/#website","url":"https:\/\/www.eclatsdemail.com\/","name":"Festival \u00c9clats d&#039;\u00c9mail Jazz \u00c9dition","description":"2024","publisher":{"@id":"https:\/\/www.eclatsdemail.com\/#organization"},"potentialAction":[{"@type":"SearchAction","target":{"@type":"EntryPoint","urlTemplate":"https:\/\/www.eclatsdemail.com\/?s={search_term_string}"},"query-input":{"@type":"PropertyValueSpecification","valueRequired":true,"valueName":"search_term_string"}}],"inLanguage":"en-GB"},{"@type":"Organization","@id":"https:\/\/www.eclatsdemail.com\/#organization","name":"Festival \u00c9clats d'\u00c9mail Jazz \u00c9dition","url":"https:\/\/www.eclatsdemail.com\/","logo":{"@type":"ImageObject","inLanguage":"en-GB","@id":"https:\/\/www.eclatsdemail.com\/#\/schema\/logo\/image\/","url":"https:\/\/www.eclatsdemail.com\/wp-content\/uploads\/2022\/05\/cropped-logo2022.png","contentUrl":"https:\/\/www.eclatsdemail.com\/wp-content\/uploads\/2022\/05\/cropped-logo2022.png","width":616,"height":100,"caption":"Festival \u00c9clats d'\u00c9mail Jazz \u00c9dition"},"image":{"@id":"https:\/\/www.eclatsdemail.com\/#\/schema\/logo\/image\/"},"sameAs":["https:\/\/www.facebook.com\/jazzeclatsdemail","https:\/\/x.com\/eclatsemailjazz","https:\/\/www.instagram.com\/Festival_Eclats_d_Email_JAZZ\/"]},{"@type":"Person","@id":"https:\/\/www.eclatsdemail.com\/#\/schema\/person\/2029d40d8c6530367bbca3180e5cc771","name":"webmaster","image":{"@type":"ImageObject","inLanguage":"en-GB","@id":"https:\/\/secure.gravatar.com\/avatar\/33582f2397fd1937271398427a5a727b5de665bc4f224d466a522d78221f221d?s=96&d=mm&r=g","url":"https:\/\/secure.gravatar.com\/avatar\/33582f2397fd1937271398427a5a727b5de665bc4f224d466a522d78221f221d?s=96&d=mm&r=g","contentUrl":"https:\/\/secure.gravatar.com\/avatar\/33582f2397fd1937271398427a5a727b5de665bc4f224d466a522d78221f221d?s=96&d=mm&r=g","caption":"webmaster"},"sameAs":["http:\/\/s370308257.onlinehome.fr\/FEEV2"],"url":"https:\/\/www.eclatsdemail.com\/gb\/author\/webmaster\/"}]}},"_links":{"self":[{"href":"https:\/\/www.eclatsdemail.com\/gb\/wp-json\/wp\/v2\/posts\/12502","targetHints":{"allow":["GET"]}}],"collection":[{"href":"https:\/\/www.eclatsdemail.com\/gb\/wp-json\/wp\/v2\/posts"}],"about":[{"href":"https:\/\/www.eclatsdemail.com\/gb\/wp-json\/wp\/v2\/types\/post"}],"author":[{"embeddable":true,"href":"https:\/\/www.eclatsdemail.com\/gb\/wp-json\/wp\/v2\/users\/1"}],"replies":[{"embeddable":true,"href":"https:\/\/www.eclatsdemail.com\/gb\/wp-json\/wp\/v2\/comments?post=12502"}],"version-history":[{"count":3,"href":"https:\/\/www.eclatsdemail.com\/gb\/wp-json\/wp\/v2\/posts\/12502\/revisions"}],"predecessor-version":[{"id":12530,"href":"https:\/\/www.eclatsdemail.com\/gb\/wp-json\/wp\/v2\/posts\/12502\/revisions\/12530"}],"wp:featuredmedia":[{"embeddable":true,"href":"https:\/\/www.eclatsdemail.com\/gb\/wp-json\/wp\/v2\/media\/12504"}],"wp:attachment":[{"href":"https:\/\/www.eclatsdemail.com\/gb\/wp-json\/wp\/v2\/media?parent=12502"}],"wp:term":[{"taxonomy":"category","embeddable":true,"href":"https:\/\/www.eclatsdemail.com\/gb\/wp-json\/wp\/v2\/categories?post=12502"},{"taxonomy":"post_tag","embeddable":true,"href":"https:\/\/www.eclatsdemail.com\/gb\/wp-json\/wp\/v2\/tags?post=12502"}],"curies":[{"name":"wp","href":"https:\/\/api.w.org\/{rel}","templated":true}]}}