{"id":12492,"date":"2025-11-16T15:27:06","date_gmt":"2025-11-16T14:27:06","guid":{"rendered":"https:\/\/www.eclatsdemail.com\/?p=12492"},"modified":"2025-11-20T14:20:08","modified_gmt":"2025-11-20T13:20:08","slug":"jour-1-christine-salem-ben-loncle-soul-convergences","status":"publish","type":"post","link":"https:\/\/www.eclatsdemail.com\/gb\/2025\/11\/16\/jour-1-christine-salem-ben-loncle-soul-convergences\/","title":{"rendered":"Jour 2 &#8211; Convergences"},"content":{"rendered":"<div class=\"wpb-content-wrapper\"><p>[vc_row][vc_column][vc_column_text css=&#8221;&#8221;]Il y a quinze ans, j\u2019achetais le premier album de Ben l\u2019Oncle Soul, que je m\u2019empressais d\u2019extraire sur mon ordinateur pour ensuite pouvoir copier toutes les pistes sur mon t\u00e9l\u00e9phone. A l\u2019\u00e9poque, je n\u2019avais la place que pour Otis Redding, Al Jarreau, Bill Withers et donc, Ben l\u2019Oncle Soul. Et du haut de mes quinze ans, j\u2019ignorais tout ou presque de la colonisation de la R\u00e9union, du Maloya, et je n\u2019imaginais m\u00eame pas qu&#8217;il fallait s\u2019interroger sur la place laiss\u00e9e aux femmes dans la musique. J&#8217;\u00e9coutais Petite S\u0153ur, These arms of Mine, ou la version de Donny Hathaway de Jealous Guy avec l\u2019innocence et l\u2019ignorance la plus pure.<\/p>\n<p>Me voil\u00e0 donc ce soir face \u00e0 mon adolescence, \u00e0 retrouver ces sensations de l&#8217;\u00e9poque, \u00e0 retrouver la personne que j\u2019\u00e9tais apr\u00e8s la premi\u00e8re moiti\u00e9 de ma vie. Ben l\u2019Oncle Soul n\u2019est plus non plus tout \u00e0 fait le m\u00eame. Sa musique a \u00e9volu\u00e9, et la performance de ce soir est pr\u00e9cise, ma\u00eetris\u00e9e, parfaitement orchestr\u00e9e de bout en bout. Du d\u00e9but \u00e0 la fin, je me dis qu\u2019il est rentr\u00e9 dans l\u2019\u00e8re du cool, et ses musiciens avec lui. La sc\u00e9nographie est cool, la voix est cool, les musiciens sont cools. C\u2019est une soir\u00e9e super cool, finalement. Mais est-ce suffisant ? Suis-je venu pour cela?<\/p>\n<p>Suffisant, cela l&#8217;aurait \u00e9t\u00e9 il y a 15 ans. Le jeune Alexandre aurait probablement \u00e9t\u00e9 ravi, extatique. Mais en quinze ans, j\u2019ai d\u00e9couvert Coltrane, Coleman, Scott, Halvorson. J\u2019ai rencontr\u00e9 la personne qui partage ma vie. J\u2019ai entendu Anne Paceo se plaindre qu\u2019on lui demandait si la batterie n&#8217;\u00e9tait pas trop fatigante pour elle. J\u2019ai lu, entendu, \u00e9cout\u00e9. Alors bien s\u00fbr, Ben l\u2019Oncle Soul est super cool, mais d\u2019un coup, Petite S\u0153ur ne r\u00e9sonne plus comme avant.<\/p>\n<p>Si l\u2019un des titres phares du Soulman n\u2019a plus le m\u00eame \u00e9cho en moi, c\u2019est aussi li\u00e9 \u00e0 la journ\u00e9e que je viens de passer. Cette ann\u00e9e, le festival, qui semble ne jamais manquer de nouvelles id\u00e9es, propose en ce samedi un parcours d&#8217;initiation au Maloya, l\u2019un des arts majeurs de l&#8217;\u00eele de la R\u00e9union. Je d\u00e9bute la journ\u00e9e, parfaitement inculte sur cette question.<\/p>\n<p>Anne Laure Lemancel, journaliste et documentariste, m\u2019initie \u00e0 l\u2019histoire de cette musique et \u00e0 l\u2019histoire de l&#8217;\u00eele qui l\u2019a vue na\u00eetre et grandir, au moyen d\u2019une conf\u00e9rence donn\u00e9e \u00e0 l\u2019Office de Tourisme. J&#8217;apprends que celui que l\u2019on pr\u00e9sente encore comme le r\u00e9sistant Michel Debr\u00e9, avait oubli\u00e9 la d\u00e9portation un peu trop vite pour les R\u00e9unionnais de la Creuse, j\u2019apprends la censure de la France post coloniale. J\u2019apprends les instruments, l\u2019histoire racont\u00e9e par celles et ceux qui la vivent.<\/p>\n<p>Anne Laure Lemancel a \u00e9galement co-r\u00e9alis\u00e9 un documentaire avec S\u00e9verine Nativel, diffus\u00e9 juste apr\u00e8s la conf\u00e9rence, qui traite notamment de la place des femmes dans le Maloya. Je ne suis pas \u00e9treint par la surprise en d\u00e9couvrant la place que l\u2019on voulait bien<br \/>\nleur laisser pour exister, et celle qu\u2019elles ont pu s\u2019octroyer au prix d\u2019une lutte quotidienne qui n\u2019a toujours pas cess\u00e9. Le Maloya, comme tout courant artistique, social et culturel contemporain, n&#8217;\u00e9chappe pas \u00e0 la r\u00e9alit\u00e9 du monde moderne. Je suis cependant frapp\u00e9 par une phrase de la documentariste apr\u00e8s la diffusion de Maloya, l\u2019esprit des femmes. Les hommes dans le Maloya, et \u00e0 bien d\u2019autres endroits, ont toujours p\u00fb contr\u00f4ler le rythme &#8211; en prenant possession des instruments qui font cette musique, rouleur en t\u00eate-, mener le tempo, d\u00e9cider du chemin musical \u00e0 prendre. Les femmes pouvaient danser sur cette musique, exister dans l&#8217;architecture et le cadre que l\u2019on a d\u00e9fini pour elles, sans leur demander leur avis. C\u2019est un constat simple, d\u00e9sarmant de justesse. Et donc, tout comme Ben l\u2019Oncle Soul ne r\u00e9sonne plus comme avant, le concert de Christine Salem, apr\u00e8s une telle journ\u00e9e, r\u00e9sonne diff\u00e9remment. Je comprends ce qui se joue, je comprends en profondeur une musique que je n&#8217;aurais pu qu\u2019effleurer sans la qualit\u00e9 des interventions de la journ\u00e9e. Le concert s\u2019est transform\u00e9 en exp\u00e9rience, je ne suis plus seulement l\u00e0 pour \u00e9couter, je suis l\u00e0 pour ressentir, partager, entendre. J\u2019ai donc la grille de lecture, l&#8217;attention, l\u2019envie. Les quatre instrumentistes qui accompagnent Christine auraient sans aucun doute amplement suffi \u00e0 ravire mes oreilles, mais elles incarnent d\u00e9sormais quelque chose qui d\u00e9passe le cadre du concert. Exp\u00e9rience totale, magistrale.<\/p>\n<p>Ce dont je suis s\u00fbr au sortir de ce deuxi\u00e8me jour, c\u2019est qu\u2019il faut des Christine Salem, et qu\u2019il faut des Ben l\u2019Oncle Soul. Il faudrait juste que l\u2019on \u00e9coute et que l\u2019on cherche \u00e0 incorporer autant l\u2019un que l\u2019autre.<\/p>\n<p><strong>Alexandre Fournet<\/strong><\/p>\n<p>&nbsp;<\/p>\n<p>\u00a9Photo Didier Radiguet[\/vc_column_text][vc_single_image image=&#8221;12495&#8243; img_size=&#8221;full&#8221; alignment=&#8221;center&#8221; css=&#8221;&#8221;][\/vc_column][\/vc_row][vc_row][vc_column][vc_btn title=&#8221;Retour aux chroniques&#8221; style=&#8221;flat&#8221; shape=&#8221;square&#8221; color=&#8221;black&#8221; link=&#8221;url:https%3A%2F%2Fwww.eclatsdemail.com%2Fchroniques%2F|title:chroniques&#8221;][\/vc_column][\/vc_row]<\/p>\n<\/div>","protected":false},"excerpt":{"rendered":"<p>Christine Salem, Ben l&#8217;Oncle Soul, Anne Lemancel<\/p>\n","protected":false},"author":1,"featured_media":12493,"comment_status":"closed","ping_status":"closed","sticky":false,"template":"","format":"standard","meta":{"footnotes":""},"categories":[52],"tags":[],"class_list":["post-12492","post","type-post","status-publish","format-standard","has-post-thumbnail","hentry","category-edition-2025"],"translation":{"provider":"WPGlobus","version":"3.0.2","language":"gb","enabled_languages":["fr","gb"],"languages":{"fr":{"title":true,"content":true,"excerpt":true},"gb":{"title":false,"content":false,"excerpt":false}}},"yoast_head":"<!-- This site is optimized with the Yoast SEO plugin v27.4 - https:\/\/yoast.com\/product\/yoast-seo-wordpress\/ -->\n<title>Jour 2 - Convergences - Festival \u00c9clats d&#039;\u00c9mail Jazz \u00c9dition<\/title>\n<meta name=\"robots\" content=\"index, follow, max-snippet:-1, max-image-preview:large, max-video-preview:-1\" \/>\n<link rel=\"canonical\" href=\"https:\/\/www.eclatsdemail.com\/2025\/11\/16\/jour-1-christine-salem-ben-loncle-soul-convergences\/\" \/>\n<meta property=\"og:locale\" content=\"en_GB\" \/>\n<meta property=\"og:type\" content=\"article\" \/>\n<meta property=\"og:title\" content=\"Jour 2 - Convergences - Festival \u00c9clats d&#039;\u00c9mail Jazz \u00c9dition\" \/>\n<meta property=\"og:url\" content=\"https:\/\/www.eclatsdemail.com\/2025\/11\/16\/jour-1-christine-salem-ben-loncle-soul-convergences\/\" \/>\n<meta property=\"og:site_name\" content=\"Festival \u00c9clats d&#039;\u00c9mail Jazz \u00c9dition\" \/>\n<meta property=\"article:publisher\" content=\"https:\/\/www.facebook.com\/jazzeclatsdemail\" \/>\n<meta property=\"article:published_time\" content=\"2025-11-16T14:27:06+00:00\" \/>\n<meta property=\"article:modified_time\" content=\"2025-11-20T13:20:08+00:00\" \/>\n<meta property=\"og:image\" content=\"https:\/\/www.eclatsdemail.com\/wp-content\/uploads\/2025\/11\/Ben-lOncle-Soul\u00a9-Didier-Radiguet-scaled.jpg\" \/>\n\t<meta property=\"og:image:width\" content=\"2560\" \/>\n\t<meta property=\"og:image:height\" content=\"1707\" \/>\n\t<meta property=\"og:image:type\" content=\"image\/jpeg\" \/>\n<meta name=\"author\" content=\"webmaster\" \/>\n<meta name=\"twitter:card\" content=\"summary_large_image\" \/>\n<meta name=\"twitter:creator\" content=\"@eclatsemailjazz\" \/>\n<meta name=\"twitter:site\" content=\"@eclatsemailjazz\" \/>\n<meta name=\"twitter:label1\" content=\"Written by\" \/>\n\t<meta name=\"twitter:data1\" content=\"webmaster\" \/>\n\t<meta name=\"twitter:label2\" content=\"Est. reading time\" \/>\n\t<meta name=\"twitter:data2\" content=\"5 minutes\" \/>\n<script type=\"application\/ld+json\" class=\"yoast-schema-graph\">{\"@context\":\"https:\\\/\\\/schema.org\",\"@graph\":[{\"@type\":\"Article\",\"@id\":\"https:\\\/\\\/www.eclatsdemail.com\\\/2025\\\/11\\\/16\\\/jour-1-christine-salem-ben-loncle-soul-convergences\\\/#article\",\"isPartOf\":{\"@id\":\"https:\\\/\\\/www.eclatsdemail.com\\\/2025\\\/11\\\/16\\\/jour-1-christine-salem-ben-loncle-soul-convergences\\\/\"},\"author\":{\"name\":\"webmaster\",\"@id\":\"https:\\\/\\\/www.eclatsdemail.com\\\/#\\\/schema\\\/person\\\/2029d40d8c6530367bbca3180e5cc771\"},\"headline\":\"Jour 2 &#8211; Convergences\",\"datePublished\":\"2025-11-16T14:27:06+00:00\",\"dateModified\":\"2025-11-20T13:20:08+00:00\",\"mainEntityOfPage\":{\"@id\":\"https:\\\/\\\/www.eclatsdemail.com\\\/2025\\\/11\\\/16\\\/jour-1-christine-salem-ben-loncle-soul-convergences\\\/\"},\"wordCount\":930,\"publisher\":{\"@id\":\"https:\\\/\\\/www.eclatsdemail.com\\\/#organization\"},\"image\":{\"@id\":\"https:\\\/\\\/www.eclatsdemail.com\\\/2025\\\/11\\\/16\\\/jour-1-christine-salem-ben-loncle-soul-convergences\\\/#primaryimage\"},\"thumbnailUrl\":\"https:\\\/\\\/www.eclatsdemail.com\\\/wp-content\\\/uploads\\\/2025\\\/11\\\/Ben-lOncle-Soul\u00a9-Didier-Radiguet-scaled.jpg\",\"articleSection\":[\"\u00e9dition 2025\"],\"inLanguage\":\"en-GB\"},{\"@type\":\"WebPage\",\"@id\":\"https:\\\/\\\/www.eclatsdemail.com\\\/2025\\\/11\\\/16\\\/jour-1-christine-salem-ben-loncle-soul-convergences\\\/\",\"url\":\"https:\\\/\\\/www.eclatsdemail.com\\\/2025\\\/11\\\/16\\\/jour-1-christine-salem-ben-loncle-soul-convergences\\\/\",\"name\":\"Jour 2 - Convergences - Festival \u00c9clats d&#039;\u00c9mail Jazz \u00c9dition\",\"isPartOf\":{\"@id\":\"https:\\\/\\\/www.eclatsdemail.com\\\/#website\"},\"primaryImageOfPage\":{\"@id\":\"https:\\\/\\\/www.eclatsdemail.com\\\/2025\\\/11\\\/16\\\/jour-1-christine-salem-ben-loncle-soul-convergences\\\/#primaryimage\"},\"image\":{\"@id\":\"https:\\\/\\\/www.eclatsdemail.com\\\/2025\\\/11\\\/16\\\/jour-1-christine-salem-ben-loncle-soul-convergences\\\/#primaryimage\"},\"thumbnailUrl\":\"https:\\\/\\\/www.eclatsdemail.com\\\/wp-content\\\/uploads\\\/2025\\\/11\\\/Ben-lOncle-Soul\u00a9-Didier-Radiguet-scaled.jpg\",\"datePublished\":\"2025-11-16T14:27:06+00:00\",\"dateModified\":\"2025-11-20T13:20:08+00:00\",\"breadcrumb\":{\"@id\":\"https:\\\/\\\/www.eclatsdemail.com\\\/2025\\\/11\\\/16\\\/jour-1-christine-salem-ben-loncle-soul-convergences\\\/#breadcrumb\"},\"inLanguage\":\"en-GB\",\"potentialAction\":[{\"@type\":\"ReadAction\",\"target\":[\"https:\\\/\\\/www.eclatsdemail.com\\\/2025\\\/11\\\/16\\\/jour-1-christine-salem-ben-loncle-soul-convergences\\\/\"]}]},{\"@type\":\"ImageObject\",\"inLanguage\":\"en-GB\",\"@id\":\"https:\\\/\\\/www.eclatsdemail.com\\\/2025\\\/11\\\/16\\\/jour-1-christine-salem-ben-loncle-soul-convergences\\\/#primaryimage\",\"url\":\"https:\\\/\\\/www.eclatsdemail.com\\\/wp-content\\\/uploads\\\/2025\\\/11\\\/Ben-lOncle-Soul\u00a9-Didier-Radiguet-scaled.jpg\",\"contentUrl\":\"https:\\\/\\\/www.eclatsdemail.com\\\/wp-content\\\/uploads\\\/2025\\\/11\\\/Ben-lOncle-Soul\u00a9-Didier-Radiguet-scaled.jpg\",\"width\":2560,\"height\":1707},{\"@type\":\"BreadcrumbList\",\"@id\":\"https:\\\/\\\/www.eclatsdemail.com\\\/2025\\\/11\\\/16\\\/jour-1-christine-salem-ben-loncle-soul-convergences\\\/#breadcrumb\",\"itemListElement\":[{\"@type\":\"ListItem\",\"position\":1,\"name\":\"Accueil\",\"item\":\"https:\\\/\\\/www.eclatsdemail.com\\\/\"},{\"@type\":\"ListItem\",\"position\":2,\"name\":\"Jour 2 &#8211; Convergences\"}]},{\"@type\":\"WebSite\",\"@id\":\"https:\\\/\\\/www.eclatsdemail.com\\\/#website\",\"url\":\"https:\\\/\\\/www.eclatsdemail.com\\\/\",\"name\":\"Festival \u00c9clats d&#039;\u00c9mail Jazz \u00c9dition\",\"description\":\"2024\",\"publisher\":{\"@id\":\"https:\\\/\\\/www.eclatsdemail.com\\\/#organization\"},\"potentialAction\":[{\"@type\":\"SearchAction\",\"target\":{\"@type\":\"EntryPoint\",\"urlTemplate\":\"https:\\\/\\\/www.eclatsdemail.com\\\/?s={search_term_string}\"},\"query-input\":{\"@type\":\"PropertyValueSpecification\",\"valueRequired\":true,\"valueName\":\"search_term_string\"}}],\"inLanguage\":\"en-GB\"},{\"@type\":\"Organization\",\"@id\":\"https:\\\/\\\/www.eclatsdemail.com\\\/#organization\",\"name\":\"Festival \u00c9clats d'\u00c9mail Jazz \u00c9dition\",\"url\":\"https:\\\/\\\/www.eclatsdemail.com\\\/\",\"logo\":{\"@type\":\"ImageObject\",\"inLanguage\":\"en-GB\",\"@id\":\"https:\\\/\\\/www.eclatsdemail.com\\\/#\\\/schema\\\/logo\\\/image\\\/\",\"url\":\"https:\\\/\\\/www.eclatsdemail.com\\\/wp-content\\\/uploads\\\/2022\\\/05\\\/cropped-logo2022.png\",\"contentUrl\":\"https:\\\/\\\/www.eclatsdemail.com\\\/wp-content\\\/uploads\\\/2022\\\/05\\\/cropped-logo2022.png\",\"width\":616,\"height\":100,\"caption\":\"Festival \u00c9clats d'\u00c9mail Jazz \u00c9dition\"},\"image\":{\"@id\":\"https:\\\/\\\/www.eclatsdemail.com\\\/#\\\/schema\\\/logo\\\/image\\\/\"},\"sameAs\":[\"https:\\\/\\\/www.facebook.com\\\/jazzeclatsdemail\",\"https:\\\/\\\/x.com\\\/eclatsemailjazz\",\"https:\\\/\\\/www.instagram.com\\\/Festival_Eclats_d_Email_JAZZ\\\/\"]},{\"@type\":\"Person\",\"@id\":\"https:\\\/\\\/www.eclatsdemail.com\\\/#\\\/schema\\\/person\\\/2029d40d8c6530367bbca3180e5cc771\",\"name\":\"webmaster\",\"image\":{\"@type\":\"ImageObject\",\"inLanguage\":\"en-GB\",\"@id\":\"https:\\\/\\\/secure.gravatar.com\\\/avatar\\\/33582f2397fd1937271398427a5a727b5de665bc4f224d466a522d78221f221d?s=96&d=mm&r=g\",\"url\":\"https:\\\/\\\/secure.gravatar.com\\\/avatar\\\/33582f2397fd1937271398427a5a727b5de665bc4f224d466a522d78221f221d?s=96&d=mm&r=g\",\"contentUrl\":\"https:\\\/\\\/secure.gravatar.com\\\/avatar\\\/33582f2397fd1937271398427a5a727b5de665bc4f224d466a522d78221f221d?s=96&d=mm&r=g\",\"caption\":\"webmaster\"},\"sameAs\":[\"http:\\\/\\\/s370308257.onlinehome.fr\\\/FEEV2\"],\"url\":\"https:\\\/\\\/www.eclatsdemail.com\\\/gb\\\/author\\\/webmaster\\\/\"}]}<\/script>\n<!-- \/ Yoast SEO plugin. -->","yoast_head_json":{"title":"Jour 2 - Convergences - Festival \u00c9clats d&#039;\u00c9mail Jazz \u00c9dition","robots":{"index":"index","follow":"follow","max-snippet":"max-snippet:-1","max-image-preview":"max-image-preview:large","max-video-preview":"max-video-preview:-1"},"canonical":"https:\/\/www.eclatsdemail.com\/2025\/11\/16\/jour-1-christine-salem-ben-loncle-soul-convergences\/","og_locale":"en_GB","og_type":"article","og_title":"Jour 2 - Convergences - Festival \u00c9clats d&#039;\u00c9mail Jazz \u00c9dition","og_url":"https:\/\/www.eclatsdemail.com\/2025\/11\/16\/jour-1-christine-salem-ben-loncle-soul-convergences\/","og_site_name":"Festival \u00c9clats d&#039;\u00c9mail Jazz \u00c9dition","article_publisher":"https:\/\/www.facebook.com\/jazzeclatsdemail","article_published_time":"2025-11-16T14:27:06+00:00","article_modified_time":"2025-11-20T13:20:08+00:00","og_image":[{"width":2560,"height":1707,"url":"https:\/\/www.eclatsdemail.com\/wp-content\/uploads\/2025\/11\/Ben-lOncle-Soul\u00a9-Didier-Radiguet-scaled.jpg","type":"image\/jpeg"}],"author":"webmaster","twitter_card":"summary_large_image","twitter_creator":"@eclatsemailjazz","twitter_site":"@eclatsemailjazz","twitter_misc":{"Written by":"webmaster","Est. reading time":"5 minutes"},"schema":{"@context":"https:\/\/schema.org","@graph":[{"@type":"Article","@id":"https:\/\/www.eclatsdemail.com\/2025\/11\/16\/jour-1-christine-salem-ben-loncle-soul-convergences\/#article","isPartOf":{"@id":"https:\/\/www.eclatsdemail.com\/2025\/11\/16\/jour-1-christine-salem-ben-loncle-soul-convergences\/"},"author":{"name":"webmaster","@id":"https:\/\/www.eclatsdemail.com\/#\/schema\/person\/2029d40d8c6530367bbca3180e5cc771"},"headline":"Jour 2 &#8211; Convergences","datePublished":"2025-11-16T14:27:06+00:00","dateModified":"2025-11-20T13:20:08+00:00","mainEntityOfPage":{"@id":"https:\/\/www.eclatsdemail.com\/2025\/11\/16\/jour-1-christine-salem-ben-loncle-soul-convergences\/"},"wordCount":930,"publisher":{"@id":"https:\/\/www.eclatsdemail.com\/#organization"},"image":{"@id":"https:\/\/www.eclatsdemail.com\/2025\/11\/16\/jour-1-christine-salem-ben-loncle-soul-convergences\/#primaryimage"},"thumbnailUrl":"https:\/\/www.eclatsdemail.com\/wp-content\/uploads\/2025\/11\/Ben-lOncle-Soul\u00a9-Didier-Radiguet-scaled.jpg","articleSection":["\u00e9dition 2025"],"inLanguage":"en-GB"},{"@type":"WebPage","@id":"https:\/\/www.eclatsdemail.com\/2025\/11\/16\/jour-1-christine-salem-ben-loncle-soul-convergences\/","url":"https:\/\/www.eclatsdemail.com\/2025\/11\/16\/jour-1-christine-salem-ben-loncle-soul-convergences\/","name":"Jour 2 - Convergences - Festival \u00c9clats d&#039;\u00c9mail Jazz \u00c9dition","isPartOf":{"@id":"https:\/\/www.eclatsdemail.com\/#website"},"primaryImageOfPage":{"@id":"https:\/\/www.eclatsdemail.com\/2025\/11\/16\/jour-1-christine-salem-ben-loncle-soul-convergences\/#primaryimage"},"image":{"@id":"https:\/\/www.eclatsdemail.com\/2025\/11\/16\/jour-1-christine-salem-ben-loncle-soul-convergences\/#primaryimage"},"thumbnailUrl":"https:\/\/www.eclatsdemail.com\/wp-content\/uploads\/2025\/11\/Ben-lOncle-Soul\u00a9-Didier-Radiguet-scaled.jpg","datePublished":"2025-11-16T14:27:06+00:00","dateModified":"2025-11-20T13:20:08+00:00","breadcrumb":{"@id":"https:\/\/www.eclatsdemail.com\/2025\/11\/16\/jour-1-christine-salem-ben-loncle-soul-convergences\/#breadcrumb"},"inLanguage":"en-GB","potentialAction":[{"@type":"ReadAction","target":["https:\/\/www.eclatsdemail.com\/2025\/11\/16\/jour-1-christine-salem-ben-loncle-soul-convergences\/"]}]},{"@type":"ImageObject","inLanguage":"en-GB","@id":"https:\/\/www.eclatsdemail.com\/2025\/11\/16\/jour-1-christine-salem-ben-loncle-soul-convergences\/#primaryimage","url":"https:\/\/www.eclatsdemail.com\/wp-content\/uploads\/2025\/11\/Ben-lOncle-Soul\u00a9-Didier-Radiguet-scaled.jpg","contentUrl":"https:\/\/www.eclatsdemail.com\/wp-content\/uploads\/2025\/11\/Ben-lOncle-Soul\u00a9-Didier-Radiguet-scaled.jpg","width":2560,"height":1707},{"@type":"BreadcrumbList","@id":"https:\/\/www.eclatsdemail.com\/2025\/11\/16\/jour-1-christine-salem-ben-loncle-soul-convergences\/#breadcrumb","itemListElement":[{"@type":"ListItem","position":1,"name":"Accueil","item":"https:\/\/www.eclatsdemail.com\/"},{"@type":"ListItem","position":2,"name":"Jour 2 &#8211; Convergences"}]},{"@type":"WebSite","@id":"https:\/\/www.eclatsdemail.com\/#website","url":"https:\/\/www.eclatsdemail.com\/","name":"Festival \u00c9clats d&#039;\u00c9mail Jazz \u00c9dition","description":"2024","publisher":{"@id":"https:\/\/www.eclatsdemail.com\/#organization"},"potentialAction":[{"@type":"SearchAction","target":{"@type":"EntryPoint","urlTemplate":"https:\/\/www.eclatsdemail.com\/?s={search_term_string}"},"query-input":{"@type":"PropertyValueSpecification","valueRequired":true,"valueName":"search_term_string"}}],"inLanguage":"en-GB"},{"@type":"Organization","@id":"https:\/\/www.eclatsdemail.com\/#organization","name":"Festival \u00c9clats d'\u00c9mail Jazz \u00c9dition","url":"https:\/\/www.eclatsdemail.com\/","logo":{"@type":"ImageObject","inLanguage":"en-GB","@id":"https:\/\/www.eclatsdemail.com\/#\/schema\/logo\/image\/","url":"https:\/\/www.eclatsdemail.com\/wp-content\/uploads\/2022\/05\/cropped-logo2022.png","contentUrl":"https:\/\/www.eclatsdemail.com\/wp-content\/uploads\/2022\/05\/cropped-logo2022.png","width":616,"height":100,"caption":"Festival \u00c9clats d'\u00c9mail Jazz \u00c9dition"},"image":{"@id":"https:\/\/www.eclatsdemail.com\/#\/schema\/logo\/image\/"},"sameAs":["https:\/\/www.facebook.com\/jazzeclatsdemail","https:\/\/x.com\/eclatsemailjazz","https:\/\/www.instagram.com\/Festival_Eclats_d_Email_JAZZ\/"]},{"@type":"Person","@id":"https:\/\/www.eclatsdemail.com\/#\/schema\/person\/2029d40d8c6530367bbca3180e5cc771","name":"webmaster","image":{"@type":"ImageObject","inLanguage":"en-GB","@id":"https:\/\/secure.gravatar.com\/avatar\/33582f2397fd1937271398427a5a727b5de665bc4f224d466a522d78221f221d?s=96&d=mm&r=g","url":"https:\/\/secure.gravatar.com\/avatar\/33582f2397fd1937271398427a5a727b5de665bc4f224d466a522d78221f221d?s=96&d=mm&r=g","contentUrl":"https:\/\/secure.gravatar.com\/avatar\/33582f2397fd1937271398427a5a727b5de665bc4f224d466a522d78221f221d?s=96&d=mm&r=g","caption":"webmaster"},"sameAs":["http:\/\/s370308257.onlinehome.fr\/FEEV2"],"url":"https:\/\/www.eclatsdemail.com\/gb\/author\/webmaster\/"}]}},"_links":{"self":[{"href":"https:\/\/www.eclatsdemail.com\/gb\/wp-json\/wp\/v2\/posts\/12492","targetHints":{"allow":["GET"]}}],"collection":[{"href":"https:\/\/www.eclatsdemail.com\/gb\/wp-json\/wp\/v2\/posts"}],"about":[{"href":"https:\/\/www.eclatsdemail.com\/gb\/wp-json\/wp\/v2\/types\/post"}],"author":[{"embeddable":true,"href":"https:\/\/www.eclatsdemail.com\/gb\/wp-json\/wp\/v2\/users\/1"}],"replies":[{"embeddable":true,"href":"https:\/\/www.eclatsdemail.com\/gb\/wp-json\/wp\/v2\/comments?post=12492"}],"version-history":[{"count":4,"href":"https:\/\/www.eclatsdemail.com\/gb\/wp-json\/wp\/v2\/posts\/12492\/revisions"}],"predecessor-version":[{"id":12531,"href":"https:\/\/www.eclatsdemail.com\/gb\/wp-json\/wp\/v2\/posts\/12492\/revisions\/12531"}],"wp:featuredmedia":[{"embeddable":true,"href":"https:\/\/www.eclatsdemail.com\/gb\/wp-json\/wp\/v2\/media\/12493"}],"wp:attachment":[{"href":"https:\/\/www.eclatsdemail.com\/gb\/wp-json\/wp\/v2\/media?parent=12492"}],"wp:term":[{"taxonomy":"category","embeddable":true,"href":"https:\/\/www.eclatsdemail.com\/gb\/wp-json\/wp\/v2\/categories?post=12492"},{"taxonomy":"post_tag","embeddable":true,"href":"https:\/\/www.eclatsdemail.com\/gb\/wp-json\/wp\/v2\/tags?post=12492"}],"curies":[{"name":"wp","href":"https:\/\/api.w.org\/{rel}","templated":true}]}}