{"id":10781,"date":"2023-11-27T20:01:36","date_gmt":"2023-11-27T19:01:36","guid":{"rendered":"https:\/\/www.eclatsdemail.com\/?p=10781"},"modified":"2023-11-28T20:04:13","modified_gmt":"2023-11-28T19:04:13","slug":"jour-11-les-ceciles","status":"publish","type":"post","link":"https:\/\/www.eclatsdemail.com\/gb\/2023\/11\/27\/jour-11-les-ceciles\/","title":{"rendered":"Jour 11 : Les C\u00e9ciles"},"content":{"rendered":"<div class=\"wpb-content-wrapper\"><p>[vc_row][vc_column][vc_column_text]Cette derni\u00e8re journ\u00e9e commence avec beaucoup de douceur. Les Six Fingers et le quartet de Gilles Chatard qui jouent respectivement \u00e0 11h et \u00e0 14h30, r\u00e9interpr\u00e9tent des standards que je ne connais que trop bien. Apr\u00e8s 10 jours de festival, rester en terrain connu pour d\u00e9marrer la journ\u00e9e est particuli\u00e8rement appr\u00e9ciable et ces deux concerts m\u2019emplissent d\u2019une joie simple. Mention sp\u00e9ciale \u00e0 l&#8217;arrangement de Cantaloupe Island propos\u00e9 par le quartet de Gilles Chatard, qui ne m&#8217;a pas laiss\u00e9 indiff\u00e9rent. Ces deux concerts m\u2019ont mis, je le sens, dans un \u00e9tat d\u2019esprit d&#8217;ouverture et de l\u00e9g\u00e8ret\u00e9, propice \u00e0 l\u2019\u00e9coute, du dernier concert du festival, celui de C\u00e9cile McLorin Salvant.<\/p>\n<p>J\u2019essaie chaque soir de retranscrire le plus justement possible ce qu\u2019il s&#8217;est jou\u00e9 sous mes yeux, dans mes oreilles et dans mon corps. Mais ce soir, la langue fran\u00e7aise me semble bien pauvre au moment de qualifier la performance et la voix de C\u00e9cile McLorin Salvant. Et pourtant, je ne d\u00e9couvre pas une artiste ce soir. C&#8217;est la troisi\u00e8me fois que j&#8217;ai la chance de pouvoir assister \u00e0 l&#8217;un de ses concerts. Mais je gardais un souvenir oubliable de la derni\u00e8re prestation dont j&#8217;avais \u00e9t\u00e9 t\u00e9moin. Peut-\u00eatre \u00e9tait-ce moi le probl\u00e8me ce jour-l\u00e0, \u00e0 la Philharmonie de Paris, apr\u00e8s un premier concert d\u2019Ambrose Akinmusire qui avait drain\u00e9 toute ma capacit\u00e9 d\u2019\u00e9coute pour une soir\u00e9e.<\/p>\n<p>Ce soir, en tous cas, je suis tout ou\u00efe. J\u2019arrive avec beaucoup de certitudes, car j\u2019admire les instrumentistes qui l&#8217;accompagnent. Je les ai vus avec Christian Sands, avec le Chief Xian Adjuah, avec Tomeka Reid, et ils m\u2019ont d\u00e9j\u00e0 fait vivre de si belles \u00e9motions que je sais pertinemment \u00e0 quoi m&#8217;attendre, c&#8217;est \u00e0 dire \u00e0 me faire casser en deux par la fine fleur de la musique improvis\u00e9e contemporaine. Tout ce qu&#8217;il me manque, c&#8217;est de retrouver la voix qui m\u2019avait boulevers\u00e9 il y a quatre ans au New Morning, alors accompagn\u00e9e d\u2019un Sullivan Fortner de gala (sait-il au moins ne pas \u00eatre de gala?). A la fin d\u2019Est-ce ainsi que les hommes vivent?, j\u2019ai ma r\u00e9ponse. Mes digues lacrymales ont d\u00e9j\u00e0 c\u00e9d\u00e9 et je sais que ce n&#8217;est que le d\u00e9but.<\/p>\n<p>Me revoil\u00e0 face aux C\u00e9ciles. Mon cerveau est oblig\u00e9 de concevoir une infinit\u00e9 d\u2019originaux uniques de la chanteuse, car il est incapable de conceptualiser le principe, qui pourrait \u00eatre pourtant simple, qu\u2019un seul \u00eatre produit ces sons. Chanteuse. Je suis navr\u00e9 de la vacuit\u00e9 abyssale de ce mot \u00e0 c\u00f4t\u00e9 de ce que sont les C\u00e9ciles. En l\u2019employant, je suis d\u00e9j\u00e0 \u00e0 la limite de l&#8217;insulte. Chante-t-on lorsque l\u2019on red\u00e9finit le sens du mot justesse? Gregory Porter est un chanteur, un chanteur que j&#8217;admire, qui me touche profond\u00e9ment. Lorsqu\u2019il chante No Love Dying, je ne sais r\u00e9sister. Mais dire que ce soir, les C\u00e9ciles ont chant\u00e9 No Love Dying, rel\u00e8ve presque du mensonge. On peut, \u00e0 la rigueur, parler de cr\u00e9ations qui \u00e9chappent au domaine du r\u00e9el et dont la source r\u00e9side dans les 723 cordes vocales des C\u00e9ciles.<\/p>\n<p>Les digues ont d\u00e9j\u00e0 c\u00e9d\u00e9, et il ne me reste plus grand chose \u00e0 offrir en guise d&#8217;hydratation \u00e0 mes joues lorsque les C\u00e9ciles reviennent, seules, pour un premier rappel. Elles s\u2019avancent, jusqu\u2019au bout de la sc\u00e8ne de l\u2019Op\u00e9ra, seules avec leur micro. Tout mon corps est en alerte et se pr\u00e9pare au choc qui arrive, pr\u00eat \u00e0 ramasser \u00e0 la petite cuill\u00e8re les restes d\u2019un \u00eatre \u00e9branl\u00e9 par la d\u00e9couverte d\u2019un nouvel instrument de musique r\u00e9volutionnaire. Le son arrive \u00e0 mes oreilles. D\u00e9bord\u00e9, d\u00e9contenanc\u00e9, je fonds. J&#8217;ai commenc\u00e9 le festival par une grande chanteuse, et je le termine par une personne qui transforme le sens du terme. Sensationnel.<\/p>\n<p>Photos : Didier Radiguet[\/vc_column_text][vc_single_image image=&#8221;10783&#8243; img_size=&#8221;full&#8221; alignment=&#8221;center&#8221;][\/vc_column][\/vc_row][vc_row][vc_column][vc_btn title=&#8221;Retour aux chroniques&#8221; style=&#8221;flat&#8221; shape=&#8221;square&#8221; color=&#8221;black&#8221; link=&#8221;url:https%3A%2F%2Fwww.eclatsdemail.com%2Fchroniques%2F|title:chroniques&#8221;][\/vc_column][\/vc_row]<\/p>\n<\/div>","protected":false},"excerpt":{"rendered":"<p>Six Fingers, Gilles Chatard, C\u00e9cile McLorin Salvant<\/p>\n","protected":false},"author":1,"featured_media":10782,"comment_status":"closed","ping_status":"closed","sticky":false,"template":"","format":"standard","meta":{"footnotes":""},"categories":[50],"tags":[],"class_list":["post-10781","post","type-post","status-publish","format-standard","has-post-thumbnail","hentry","category-edition-2023"],"translation":{"provider":"WPGlobus","version":"3.0.2","language":"gb","enabled_languages":["fr","gb"],"languages":{"fr":{"title":true,"content":true,"excerpt":true},"gb":{"title":false,"content":false,"excerpt":false}}},"yoast_head":"<!-- This site is optimized with the Yoast SEO plugin v27.4 - https:\/\/yoast.com\/product\/yoast-seo-wordpress\/ -->\n<title>Jour 11 : Les C\u00e9ciles - Festival \u00c9clats d&#039;\u00c9mail Jazz \u00c9dition<\/title>\n<meta name=\"robots\" content=\"index, follow, max-snippet:-1, max-image-preview:large, max-video-preview:-1\" \/>\n<link rel=\"canonical\" href=\"https:\/\/www.eclatsdemail.com\/2023\/11\/27\/jour-11-les-ceciles\/\" \/>\n<meta property=\"og:locale\" content=\"en_GB\" \/>\n<meta property=\"og:type\" content=\"article\" \/>\n<meta property=\"og:title\" content=\"Jour 11 : Les C\u00e9ciles - Festival \u00c9clats d&#039;\u00c9mail Jazz \u00c9dition\" \/>\n<meta property=\"og:url\" content=\"https:\/\/www.eclatsdemail.com\/2023\/11\/27\/jour-11-les-ceciles\/\" \/>\n<meta property=\"og:site_name\" content=\"Festival \u00c9clats d&#039;\u00c9mail Jazz \u00c9dition\" \/>\n<meta property=\"article:publisher\" content=\"https:\/\/www.facebook.com\/jazzeclatsdemail\" \/>\n<meta property=\"article:published_time\" content=\"2023-11-27T19:01:36+00:00\" \/>\n<meta property=\"article:modified_time\" content=\"2023-11-28T19:04:13+00:00\" \/>\n<meta property=\"og:image\" content=\"https:\/\/www.eclatsdemail.com\/wp-content\/uploads\/2023\/11\/UX0B7193-scaled.jpg\" \/>\n\t<meta property=\"og:image:width\" content=\"2560\" \/>\n\t<meta property=\"og:image:height\" content=\"1707\" \/>\n\t<meta property=\"og:image:type\" content=\"image\/jpeg\" \/>\n<meta name=\"author\" content=\"webmaster\" \/>\n<meta name=\"twitter:card\" content=\"summary_large_image\" \/>\n<meta name=\"twitter:creator\" content=\"@eclatsemailjazz\" \/>\n<meta name=\"twitter:site\" content=\"@eclatsemailjazz\" \/>\n<meta name=\"twitter:label1\" content=\"Written by\" \/>\n\t<meta name=\"twitter:data1\" content=\"webmaster\" \/>\n\t<meta name=\"twitter:label2\" content=\"Est. reading time\" \/>\n\t<meta name=\"twitter:data2\" content=\"4 minutes\" \/>\n<script type=\"application\/ld+json\" class=\"yoast-schema-graph\">{\"@context\":\"https:\\\/\\\/schema.org\",\"@graph\":[{\"@type\":\"Article\",\"@id\":\"https:\\\/\\\/www.eclatsdemail.com\\\/2023\\\/11\\\/27\\\/jour-11-les-ceciles\\\/#article\",\"isPartOf\":{\"@id\":\"https:\\\/\\\/www.eclatsdemail.com\\\/2023\\\/11\\\/27\\\/jour-11-les-ceciles\\\/\"},\"author\":{\"name\":\"webmaster\",\"@id\":\"https:\\\/\\\/www.eclatsdemail.com\\\/#\\\/schema\\\/person\\\/2029d40d8c6530367bbca3180e5cc771\"},\"headline\":\"Jour 11 : Les C\u00e9ciles\",\"datePublished\":\"2023-11-27T19:01:36+00:00\",\"dateModified\":\"2023-11-28T19:04:13+00:00\",\"mainEntityOfPage\":{\"@id\":\"https:\\\/\\\/www.eclatsdemail.com\\\/2023\\\/11\\\/27\\\/jour-11-les-ceciles\\\/\"},\"wordCount\":747,\"publisher\":{\"@id\":\"https:\\\/\\\/www.eclatsdemail.com\\\/#organization\"},\"image\":{\"@id\":\"https:\\\/\\\/www.eclatsdemail.com\\\/2023\\\/11\\\/27\\\/jour-11-les-ceciles\\\/#primaryimage\"},\"thumbnailUrl\":\"https:\\\/\\\/www.eclatsdemail.com\\\/wp-content\\\/uploads\\\/2023\\\/11\\\/UX0B7193-scaled.jpg\",\"articleSection\":[\"\u00e9dition 2023\"],\"inLanguage\":\"en-GB\"},{\"@type\":\"WebPage\",\"@id\":\"https:\\\/\\\/www.eclatsdemail.com\\\/2023\\\/11\\\/27\\\/jour-11-les-ceciles\\\/\",\"url\":\"https:\\\/\\\/www.eclatsdemail.com\\\/2023\\\/11\\\/27\\\/jour-11-les-ceciles\\\/\",\"name\":\"Jour 11 : Les C\u00e9ciles - Festival \u00c9clats d&#039;\u00c9mail Jazz \u00c9dition\",\"isPartOf\":{\"@id\":\"https:\\\/\\\/www.eclatsdemail.com\\\/#website\"},\"primaryImageOfPage\":{\"@id\":\"https:\\\/\\\/www.eclatsdemail.com\\\/2023\\\/11\\\/27\\\/jour-11-les-ceciles\\\/#primaryimage\"},\"image\":{\"@id\":\"https:\\\/\\\/www.eclatsdemail.com\\\/2023\\\/11\\\/27\\\/jour-11-les-ceciles\\\/#primaryimage\"},\"thumbnailUrl\":\"https:\\\/\\\/www.eclatsdemail.com\\\/wp-content\\\/uploads\\\/2023\\\/11\\\/UX0B7193-scaled.jpg\",\"datePublished\":\"2023-11-27T19:01:36+00:00\",\"dateModified\":\"2023-11-28T19:04:13+00:00\",\"breadcrumb\":{\"@id\":\"https:\\\/\\\/www.eclatsdemail.com\\\/2023\\\/11\\\/27\\\/jour-11-les-ceciles\\\/#breadcrumb\"},\"inLanguage\":\"en-GB\",\"potentialAction\":[{\"@type\":\"ReadAction\",\"target\":[\"https:\\\/\\\/www.eclatsdemail.com\\\/2023\\\/11\\\/27\\\/jour-11-les-ceciles\\\/\"]}]},{\"@type\":\"ImageObject\",\"inLanguage\":\"en-GB\",\"@id\":\"https:\\\/\\\/www.eclatsdemail.com\\\/2023\\\/11\\\/27\\\/jour-11-les-ceciles\\\/#primaryimage\",\"url\":\"https:\\\/\\\/www.eclatsdemail.com\\\/wp-content\\\/uploads\\\/2023\\\/11\\\/UX0B7193-scaled.jpg\",\"contentUrl\":\"https:\\\/\\\/www.eclatsdemail.com\\\/wp-content\\\/uploads\\\/2023\\\/11\\\/UX0B7193-scaled.jpg\",\"width\":2560,\"height\":1707},{\"@type\":\"BreadcrumbList\",\"@id\":\"https:\\\/\\\/www.eclatsdemail.com\\\/2023\\\/11\\\/27\\\/jour-11-les-ceciles\\\/#breadcrumb\",\"itemListElement\":[{\"@type\":\"ListItem\",\"position\":1,\"name\":\"Accueil\",\"item\":\"https:\\\/\\\/www.eclatsdemail.com\\\/\"},{\"@type\":\"ListItem\",\"position\":2,\"name\":\"Jour 11 : Les C\u00e9ciles\"}]},{\"@type\":\"WebSite\",\"@id\":\"https:\\\/\\\/www.eclatsdemail.com\\\/#website\",\"url\":\"https:\\\/\\\/www.eclatsdemail.com\\\/\",\"name\":\"Festival \u00c9clats d&#039;\u00c9mail Jazz \u00c9dition\",\"description\":\"2024\",\"publisher\":{\"@id\":\"https:\\\/\\\/www.eclatsdemail.com\\\/#organization\"},\"potentialAction\":[{\"@type\":\"SearchAction\",\"target\":{\"@type\":\"EntryPoint\",\"urlTemplate\":\"https:\\\/\\\/www.eclatsdemail.com\\\/?s={search_term_string}\"},\"query-input\":{\"@type\":\"PropertyValueSpecification\",\"valueRequired\":true,\"valueName\":\"search_term_string\"}}],\"inLanguage\":\"en-GB\"},{\"@type\":\"Organization\",\"@id\":\"https:\\\/\\\/www.eclatsdemail.com\\\/#organization\",\"name\":\"Festival \u00c9clats d'\u00c9mail Jazz \u00c9dition\",\"url\":\"https:\\\/\\\/www.eclatsdemail.com\\\/\",\"logo\":{\"@type\":\"ImageObject\",\"inLanguage\":\"en-GB\",\"@id\":\"https:\\\/\\\/www.eclatsdemail.com\\\/#\\\/schema\\\/logo\\\/image\\\/\",\"url\":\"https:\\\/\\\/www.eclatsdemail.com\\\/wp-content\\\/uploads\\\/2022\\\/05\\\/cropped-logo2022.png\",\"contentUrl\":\"https:\\\/\\\/www.eclatsdemail.com\\\/wp-content\\\/uploads\\\/2022\\\/05\\\/cropped-logo2022.png\",\"width\":616,\"height\":100,\"caption\":\"Festival \u00c9clats d'\u00c9mail Jazz \u00c9dition\"},\"image\":{\"@id\":\"https:\\\/\\\/www.eclatsdemail.com\\\/#\\\/schema\\\/logo\\\/image\\\/\"},\"sameAs\":[\"https:\\\/\\\/www.facebook.com\\\/jazzeclatsdemail\",\"https:\\\/\\\/x.com\\\/eclatsemailjazz\",\"https:\\\/\\\/www.instagram.com\\\/Festival_Eclats_d_Email_JAZZ\\\/\"]},{\"@type\":\"Person\",\"@id\":\"https:\\\/\\\/www.eclatsdemail.com\\\/#\\\/schema\\\/person\\\/2029d40d8c6530367bbca3180e5cc771\",\"name\":\"webmaster\",\"image\":{\"@type\":\"ImageObject\",\"inLanguage\":\"en-GB\",\"@id\":\"https:\\\/\\\/secure.gravatar.com\\\/avatar\\\/33582f2397fd1937271398427a5a727b5de665bc4f224d466a522d78221f221d?s=96&d=mm&r=g\",\"url\":\"https:\\\/\\\/secure.gravatar.com\\\/avatar\\\/33582f2397fd1937271398427a5a727b5de665bc4f224d466a522d78221f221d?s=96&d=mm&r=g\",\"contentUrl\":\"https:\\\/\\\/secure.gravatar.com\\\/avatar\\\/33582f2397fd1937271398427a5a727b5de665bc4f224d466a522d78221f221d?s=96&d=mm&r=g\",\"caption\":\"webmaster\"},\"sameAs\":[\"http:\\\/\\\/s370308257.onlinehome.fr\\\/FEEV2\"],\"url\":\"https:\\\/\\\/www.eclatsdemail.com\\\/gb\\\/author\\\/webmaster\\\/\"}]}<\/script>\n<!-- \/ Yoast SEO plugin. -->","yoast_head_json":{"title":"Jour 11 : Les C\u00e9ciles - Festival \u00c9clats d&#039;\u00c9mail Jazz \u00c9dition","robots":{"index":"index","follow":"follow","max-snippet":"max-snippet:-1","max-image-preview":"max-image-preview:large","max-video-preview":"max-video-preview:-1"},"canonical":"https:\/\/www.eclatsdemail.com\/2023\/11\/27\/jour-11-les-ceciles\/","og_locale":"en_GB","og_type":"article","og_title":"Jour 11 : Les C\u00e9ciles - Festival \u00c9clats d&#039;\u00c9mail Jazz \u00c9dition","og_url":"https:\/\/www.eclatsdemail.com\/2023\/11\/27\/jour-11-les-ceciles\/","og_site_name":"Festival \u00c9clats d&#039;\u00c9mail Jazz \u00c9dition","article_publisher":"https:\/\/www.facebook.com\/jazzeclatsdemail","article_published_time":"2023-11-27T19:01:36+00:00","article_modified_time":"2023-11-28T19:04:13+00:00","og_image":[{"width":2560,"height":1707,"url":"https:\/\/www.eclatsdemail.com\/wp-content\/uploads\/2023\/11\/UX0B7193-scaled.jpg","type":"image\/jpeg"}],"author":"webmaster","twitter_card":"summary_large_image","twitter_creator":"@eclatsemailjazz","twitter_site":"@eclatsemailjazz","twitter_misc":{"Written by":"webmaster","Est. reading time":"4 minutes"},"schema":{"@context":"https:\/\/schema.org","@graph":[{"@type":"Article","@id":"https:\/\/www.eclatsdemail.com\/2023\/11\/27\/jour-11-les-ceciles\/#article","isPartOf":{"@id":"https:\/\/www.eclatsdemail.com\/2023\/11\/27\/jour-11-les-ceciles\/"},"author":{"name":"webmaster","@id":"https:\/\/www.eclatsdemail.com\/#\/schema\/person\/2029d40d8c6530367bbca3180e5cc771"},"headline":"Jour 11 : Les C\u00e9ciles","datePublished":"2023-11-27T19:01:36+00:00","dateModified":"2023-11-28T19:04:13+00:00","mainEntityOfPage":{"@id":"https:\/\/www.eclatsdemail.com\/2023\/11\/27\/jour-11-les-ceciles\/"},"wordCount":747,"publisher":{"@id":"https:\/\/www.eclatsdemail.com\/#organization"},"image":{"@id":"https:\/\/www.eclatsdemail.com\/2023\/11\/27\/jour-11-les-ceciles\/#primaryimage"},"thumbnailUrl":"https:\/\/www.eclatsdemail.com\/wp-content\/uploads\/2023\/11\/UX0B7193-scaled.jpg","articleSection":["\u00e9dition 2023"],"inLanguage":"en-GB"},{"@type":"WebPage","@id":"https:\/\/www.eclatsdemail.com\/2023\/11\/27\/jour-11-les-ceciles\/","url":"https:\/\/www.eclatsdemail.com\/2023\/11\/27\/jour-11-les-ceciles\/","name":"Jour 11 : Les C\u00e9ciles - Festival \u00c9clats d&#039;\u00c9mail Jazz \u00c9dition","isPartOf":{"@id":"https:\/\/www.eclatsdemail.com\/#website"},"primaryImageOfPage":{"@id":"https:\/\/www.eclatsdemail.com\/2023\/11\/27\/jour-11-les-ceciles\/#primaryimage"},"image":{"@id":"https:\/\/www.eclatsdemail.com\/2023\/11\/27\/jour-11-les-ceciles\/#primaryimage"},"thumbnailUrl":"https:\/\/www.eclatsdemail.com\/wp-content\/uploads\/2023\/11\/UX0B7193-scaled.jpg","datePublished":"2023-11-27T19:01:36+00:00","dateModified":"2023-11-28T19:04:13+00:00","breadcrumb":{"@id":"https:\/\/www.eclatsdemail.com\/2023\/11\/27\/jour-11-les-ceciles\/#breadcrumb"},"inLanguage":"en-GB","potentialAction":[{"@type":"ReadAction","target":["https:\/\/www.eclatsdemail.com\/2023\/11\/27\/jour-11-les-ceciles\/"]}]},{"@type":"ImageObject","inLanguage":"en-GB","@id":"https:\/\/www.eclatsdemail.com\/2023\/11\/27\/jour-11-les-ceciles\/#primaryimage","url":"https:\/\/www.eclatsdemail.com\/wp-content\/uploads\/2023\/11\/UX0B7193-scaled.jpg","contentUrl":"https:\/\/www.eclatsdemail.com\/wp-content\/uploads\/2023\/11\/UX0B7193-scaled.jpg","width":2560,"height":1707},{"@type":"BreadcrumbList","@id":"https:\/\/www.eclatsdemail.com\/2023\/11\/27\/jour-11-les-ceciles\/#breadcrumb","itemListElement":[{"@type":"ListItem","position":1,"name":"Accueil","item":"https:\/\/www.eclatsdemail.com\/"},{"@type":"ListItem","position":2,"name":"Jour 11 : Les C\u00e9ciles"}]},{"@type":"WebSite","@id":"https:\/\/www.eclatsdemail.com\/#website","url":"https:\/\/www.eclatsdemail.com\/","name":"Festival \u00c9clats d&#039;\u00c9mail Jazz \u00c9dition","description":"2024","publisher":{"@id":"https:\/\/www.eclatsdemail.com\/#organization"},"potentialAction":[{"@type":"SearchAction","target":{"@type":"EntryPoint","urlTemplate":"https:\/\/www.eclatsdemail.com\/?s={search_term_string}"},"query-input":{"@type":"PropertyValueSpecification","valueRequired":true,"valueName":"search_term_string"}}],"inLanguage":"en-GB"},{"@type":"Organization","@id":"https:\/\/www.eclatsdemail.com\/#organization","name":"Festival \u00c9clats d'\u00c9mail Jazz \u00c9dition","url":"https:\/\/www.eclatsdemail.com\/","logo":{"@type":"ImageObject","inLanguage":"en-GB","@id":"https:\/\/www.eclatsdemail.com\/#\/schema\/logo\/image\/","url":"https:\/\/www.eclatsdemail.com\/wp-content\/uploads\/2022\/05\/cropped-logo2022.png","contentUrl":"https:\/\/www.eclatsdemail.com\/wp-content\/uploads\/2022\/05\/cropped-logo2022.png","width":616,"height":100,"caption":"Festival \u00c9clats d'\u00c9mail Jazz \u00c9dition"},"image":{"@id":"https:\/\/www.eclatsdemail.com\/#\/schema\/logo\/image\/"},"sameAs":["https:\/\/www.facebook.com\/jazzeclatsdemail","https:\/\/x.com\/eclatsemailjazz","https:\/\/www.instagram.com\/Festival_Eclats_d_Email_JAZZ\/"]},{"@type":"Person","@id":"https:\/\/www.eclatsdemail.com\/#\/schema\/person\/2029d40d8c6530367bbca3180e5cc771","name":"webmaster","image":{"@type":"ImageObject","inLanguage":"en-GB","@id":"https:\/\/secure.gravatar.com\/avatar\/33582f2397fd1937271398427a5a727b5de665bc4f224d466a522d78221f221d?s=96&d=mm&r=g","url":"https:\/\/secure.gravatar.com\/avatar\/33582f2397fd1937271398427a5a727b5de665bc4f224d466a522d78221f221d?s=96&d=mm&r=g","contentUrl":"https:\/\/secure.gravatar.com\/avatar\/33582f2397fd1937271398427a5a727b5de665bc4f224d466a522d78221f221d?s=96&d=mm&r=g","caption":"webmaster"},"sameAs":["http:\/\/s370308257.onlinehome.fr\/FEEV2"],"url":"https:\/\/www.eclatsdemail.com\/gb\/author\/webmaster\/"}]}},"_links":{"self":[{"href":"https:\/\/www.eclatsdemail.com\/gb\/wp-json\/wp\/v2\/posts\/10781","targetHints":{"allow":["GET"]}}],"collection":[{"href":"https:\/\/www.eclatsdemail.com\/gb\/wp-json\/wp\/v2\/posts"}],"about":[{"href":"https:\/\/www.eclatsdemail.com\/gb\/wp-json\/wp\/v2\/types\/post"}],"author":[{"embeddable":true,"href":"https:\/\/www.eclatsdemail.com\/gb\/wp-json\/wp\/v2\/users\/1"}],"replies":[{"embeddable":true,"href":"https:\/\/www.eclatsdemail.com\/gb\/wp-json\/wp\/v2\/comments?post=10781"}],"version-history":[{"count":1,"href":"https:\/\/www.eclatsdemail.com\/gb\/wp-json\/wp\/v2\/posts\/10781\/revisions"}],"predecessor-version":[{"id":10784,"href":"https:\/\/www.eclatsdemail.com\/gb\/wp-json\/wp\/v2\/posts\/10781\/revisions\/10784"}],"wp:featuredmedia":[{"embeddable":true,"href":"https:\/\/www.eclatsdemail.com\/gb\/wp-json\/wp\/v2\/media\/10782"}],"wp:attachment":[{"href":"https:\/\/www.eclatsdemail.com\/gb\/wp-json\/wp\/v2\/media?parent=10781"}],"wp:term":[{"taxonomy":"category","embeddable":true,"href":"https:\/\/www.eclatsdemail.com\/gb\/wp-json\/wp\/v2\/categories?post=10781"},{"taxonomy":"post_tag","embeddable":true,"href":"https:\/\/www.eclatsdemail.com\/gb\/wp-json\/wp\/v2\/tags?post=10781"}],"curies":[{"name":"wp","href":"https:\/\/api.w.org\/{rel}","templated":true}]}}