{"id":10769,"date":"2023-11-25T16:21:32","date_gmt":"2023-11-25T15:21:32","guid":{"rendered":"https:\/\/www.eclatsdemail.com\/?p=10769"},"modified":"2023-11-26T16:25:50","modified_gmt":"2023-11-26T15:25:50","slug":"jour-9-in-a-sentimental-mood","status":"publish","type":"post","link":"https:\/\/www.eclatsdemail.com\/gb\/2023\/11\/25\/jour-9-in-a-sentimental-mood\/","title":{"rendered":"Jour 9 : In a sentimental mood"},"content":{"rendered":"<div class=\"wpb-content-wrapper\"><p>[vc_row][vc_column][vc_column_text]Parfois, une bonne entr\u00e9e en mati\u00e8re peut faire toute la diff\u00e9rence. Les membres du groupe de Miss Understood l\u2019ont bien compris. Ils entrent sur sc\u00e8ne tour \u00e0 tour, en enjoignant les nombreux spectateurs de la BFM de l\u2019Aurence \u00e0 participer \u00e0 la cr\u00e9ation de ce premier moment musical. Ainsi, ils r\u00e9ussissent \u00e0 cr\u00e9er une ambiance qui lance parfaitement leur concert. L&#8217;\u00e9nergie communicative du groupe fait le reste, et permet d\u2019effacer les impr\u00e9cisions qui se glissent dans la performance. Je ne peux rester jusqu&#8217;au bout et m\u2019\u00e9clipse peu de temps avant la fin, afin de ne pas \u00eatre en retard au concert de Roberto Fonseca, l\u2019attraction principale de ce neuvi\u00e8me jour de festival.<\/p>\n<p>Je suis plut\u00f4t d\u2019humeur m\u00e9lancolique ce soir, et je sais pertinemment que le concert qui m\u2019attend n\u2019est absolument pas dans le m\u00eame esprit. C&#8217;est plut\u00f4t tout l&#8217;inverse. Et effectivement, d\u00e8s leur arriv\u00e9e sur sc\u00e8ne, je comprends vite que les musiciens de Roberto Fonseca sont l\u00e0 pour offrir un v\u00e9ritable show \u00e0 la cubaine. La machine musicale parfaitement huil\u00e9e se met en route et est inarr\u00eatable. Entre les petites chor\u00e9graphies habituelles de ce genre d&#8217;ensemble, les clins d\u2019oeil au public en les faisant chanter Hey Jude, les invitations r\u00e9p\u00e9t\u00e9es \u00e0 chanter et \u00e0 taper des mains, la d\u00e9monstration du groupe est impressionnante. Ils ma\u00eetrisent parfaitement tous les codes pour enflammer une audience, et bien entendu, l\u2019Op\u00e9ra est en feu.<\/p>\n<p>Pendant quelques temps, un petit d\u00e9mon int\u00e9rieur me souffle que tout est trop parfait, trop beau pour \u00eatre vrai, qu\u2019il manque une petite dose d\u2019authenticit\u00e9 dans ce concert men\u00e9 au cordeau. Ce petit d\u00e9mon insiste, vient me chercher \u00e0 plusieurs reprises. Mais en r\u00e9alit\u00e9, il est d\u00e9j\u00e0 trop tard. Beaucoup trop de belles choses se d\u00e9roulent sous mes yeux pour qu\u2019une humeur ou des doutes puissent emp\u00eacher ma temp\u00e9rature de grimper. Yandy Martinez est le premier \u00e0 venir me chercher pour m\u2019inviter \u00e0 la f\u00eate. J\u2019avais rarement vu quelqu\u2019un danser si bien avec un instrument, alors avec une contrebasse\u2026 Cela semble pourtant compl\u00e8tement naturel pour lui, et me voil\u00e0 d\u00e9j\u00e0 un peu plus immerg\u00e9 dans l&#8217;atmosph\u00e8re fi\u00e9vreuse de l\u2019Op\u00e9ra. C\u2019est ensuite au tour de la voix d\u2019Alcibiades Durruthy L\u00f3pez de faire le si\u00e8ge de mes sentiments sur No me Llores M\u00e1s, et je ne vais pas m\u2019en sortir beaucoup mieux que Byzance.<\/p>\n<p>Fragilis\u00e9, accul\u00e9, le petit d\u00e9mon jette ses derni\u00e8res forces dans la bataille, et c\u2019est malheureusement pour lui le moment que chosit Roberto Fonseca pour un duo avec Andres Coayo sur Oscar Please Stop. Ils ont gagn\u00e9. Et moi aussi. Le jeu du pianiste m\u2019assaille et m\u2019\u00e9merveille. D\u00e8s lors, je chante, je tape des mains, je danse, enfin accord\u00e9 \u00e0 la fi\u00e8vre qui a saisi la salle.<\/p>\n<p>Me voil\u00e0 dans de bien meilleures dispositions au sortir de l\u2019Op\u00e9ra, pr\u00eat \u00e0 aller \u00e9couter les Lazcar Volcano alors que je continue \u00e0 chantonner Ay Ay Ay Ay que dolor sur le chemin. Le Brass Band peut passer du rap \u00e9cologique \u00e0 la samba sans sourciller, et le r\u00e9sultat est assez d\u00e9coiffant. Le petit ensemble prot\u00e9iforme s&#8217;aventure sur des territoires extr\u00eamement vari\u00e9s sans aucun faux pas. J\u2019ai cependant la sensation de ne pas avoir pu explorer suffisamment leur univers si riche en seulement une soir\u00e9e. \u00c7a tombe bien, ils rejouent demain.<\/p>\n<p>Photos : Didier Radiguet[\/vc_column_text][vc_single_image image=&#8221;10771&#8243; img_size=&#8221;full&#8221; alignment=&#8221;center&#8221;][\/vc_column][\/vc_row][vc_row][vc_column][vc_btn title=&#8221;Retour aux chroniques&#8221; style=&#8221;flat&#8221; shape=&#8221;square&#8221; color=&#8221;black&#8221; link=&#8221;url:https%3A%2F%2Fwww.eclatsdemail.com%2Fchroniques%2F|title:chroniques&#8221;][\/vc_column][\/vc_row]<\/p>\n<\/div>","protected":false},"excerpt":{"rendered":"<p>Miss Understood, Roberto Fonseca, Lazcar Volcano<\/p>\n","protected":false},"author":1,"featured_media":10772,"comment_status":"closed","ping_status":"closed","sticky":false,"template":"","format":"standard","meta":{"footnotes":""},"categories":[50],"tags":[],"class_list":["post-10769","post","type-post","status-publish","format-standard","has-post-thumbnail","hentry","category-edition-2023"],"translation":{"provider":"WPGlobus","version":"3.0.2","language":"gb","enabled_languages":["fr","gb"],"languages":{"fr":{"title":true,"content":true,"excerpt":true},"gb":{"title":false,"content":false,"excerpt":false}}},"yoast_head":"<!-- This site is optimized with the Yoast SEO plugin v27.4 - https:\/\/yoast.com\/product\/yoast-seo-wordpress\/ -->\n<title>Jour 9 : In a sentimental mood - Festival \u00c9clats d&#039;\u00c9mail Jazz \u00c9dition<\/title>\n<meta name=\"robots\" content=\"index, follow, max-snippet:-1, max-image-preview:large, max-video-preview:-1\" \/>\n<link rel=\"canonical\" href=\"https:\/\/www.eclatsdemail.com\/2023\/11\/25\/jour-9-in-a-sentimental-mood\/\" \/>\n<meta property=\"og:locale\" content=\"en_GB\" \/>\n<meta property=\"og:type\" content=\"article\" \/>\n<meta property=\"og:title\" content=\"Jour 9 : In a sentimental mood - Festival \u00c9clats d&#039;\u00c9mail Jazz \u00c9dition\" \/>\n<meta property=\"og:url\" content=\"https:\/\/www.eclatsdemail.com\/2023\/11\/25\/jour-9-in-a-sentimental-mood\/\" \/>\n<meta property=\"og:site_name\" content=\"Festival \u00c9clats d&#039;\u00c9mail Jazz \u00c9dition\" \/>\n<meta property=\"article:publisher\" content=\"https:\/\/www.facebook.com\/jazzeclatsdemail\" \/>\n<meta property=\"article:published_time\" content=\"2023-11-25T15:21:32+00:00\" \/>\n<meta property=\"article:modified_time\" content=\"2023-11-26T15:25:50+00:00\" \/>\n<meta property=\"og:image\" content=\"https:\/\/www.eclatsdemail.com\/wp-content\/uploads\/2023\/11\/UX0B5727-scaled.jpg\" \/>\n\t<meta property=\"og:image:width\" content=\"2560\" \/>\n\t<meta property=\"og:image:height\" content=\"1707\" \/>\n\t<meta property=\"og:image:type\" content=\"image\/jpeg\" \/>\n<meta name=\"author\" content=\"webmaster\" \/>\n<meta name=\"twitter:card\" content=\"summary_large_image\" \/>\n<meta name=\"twitter:creator\" content=\"@eclatsemailjazz\" \/>\n<meta name=\"twitter:site\" content=\"@eclatsemailjazz\" \/>\n<meta name=\"twitter:label1\" content=\"Written by\" \/>\n\t<meta name=\"twitter:data1\" content=\"webmaster\" \/>\n\t<meta name=\"twitter:label2\" content=\"Est. reading time\" \/>\n\t<meta name=\"twitter:data2\" content=\"3 minutes\" \/>\n<script type=\"application\/ld+json\" class=\"yoast-schema-graph\">{\"@context\":\"https:\\\/\\\/schema.org\",\"@graph\":[{\"@type\":\"Article\",\"@id\":\"https:\\\/\\\/www.eclatsdemail.com\\\/2023\\\/11\\\/25\\\/jour-9-in-a-sentimental-mood\\\/#article\",\"isPartOf\":{\"@id\":\"https:\\\/\\\/www.eclatsdemail.com\\\/2023\\\/11\\\/25\\\/jour-9-in-a-sentimental-mood\\\/\"},\"author\":{\"name\":\"webmaster\",\"@id\":\"https:\\\/\\\/www.eclatsdemail.com\\\/#\\\/schema\\\/person\\\/2029d40d8c6530367bbca3180e5cc771\"},\"headline\":\"Jour 9 : In a sentimental mood\",\"datePublished\":\"2023-11-25T15:21:32+00:00\",\"dateModified\":\"2023-11-26T15:25:50+00:00\",\"mainEntityOfPage\":{\"@id\":\"https:\\\/\\\/www.eclatsdemail.com\\\/2023\\\/11\\\/25\\\/jour-9-in-a-sentimental-mood\\\/\"},\"wordCount\":675,\"publisher\":{\"@id\":\"https:\\\/\\\/www.eclatsdemail.com\\\/#organization\"},\"image\":{\"@id\":\"https:\\\/\\\/www.eclatsdemail.com\\\/2023\\\/11\\\/25\\\/jour-9-in-a-sentimental-mood\\\/#primaryimage\"},\"thumbnailUrl\":\"https:\\\/\\\/www.eclatsdemail.com\\\/wp-content\\\/uploads\\\/2023\\\/11\\\/UX0B5727-scaled.jpg\",\"articleSection\":[\"\u00e9dition 2023\"],\"inLanguage\":\"en-GB\"},{\"@type\":\"WebPage\",\"@id\":\"https:\\\/\\\/www.eclatsdemail.com\\\/2023\\\/11\\\/25\\\/jour-9-in-a-sentimental-mood\\\/\",\"url\":\"https:\\\/\\\/www.eclatsdemail.com\\\/2023\\\/11\\\/25\\\/jour-9-in-a-sentimental-mood\\\/\",\"name\":\"Jour 9 : In a sentimental mood - Festival \u00c9clats d&#039;\u00c9mail Jazz \u00c9dition\",\"isPartOf\":{\"@id\":\"https:\\\/\\\/www.eclatsdemail.com\\\/#website\"},\"primaryImageOfPage\":{\"@id\":\"https:\\\/\\\/www.eclatsdemail.com\\\/2023\\\/11\\\/25\\\/jour-9-in-a-sentimental-mood\\\/#primaryimage\"},\"image\":{\"@id\":\"https:\\\/\\\/www.eclatsdemail.com\\\/2023\\\/11\\\/25\\\/jour-9-in-a-sentimental-mood\\\/#primaryimage\"},\"thumbnailUrl\":\"https:\\\/\\\/www.eclatsdemail.com\\\/wp-content\\\/uploads\\\/2023\\\/11\\\/UX0B5727-scaled.jpg\",\"datePublished\":\"2023-11-25T15:21:32+00:00\",\"dateModified\":\"2023-11-26T15:25:50+00:00\",\"breadcrumb\":{\"@id\":\"https:\\\/\\\/www.eclatsdemail.com\\\/2023\\\/11\\\/25\\\/jour-9-in-a-sentimental-mood\\\/#breadcrumb\"},\"inLanguage\":\"en-GB\",\"potentialAction\":[{\"@type\":\"ReadAction\",\"target\":[\"https:\\\/\\\/www.eclatsdemail.com\\\/2023\\\/11\\\/25\\\/jour-9-in-a-sentimental-mood\\\/\"]}]},{\"@type\":\"ImageObject\",\"inLanguage\":\"en-GB\",\"@id\":\"https:\\\/\\\/www.eclatsdemail.com\\\/2023\\\/11\\\/25\\\/jour-9-in-a-sentimental-mood\\\/#primaryimage\",\"url\":\"https:\\\/\\\/www.eclatsdemail.com\\\/wp-content\\\/uploads\\\/2023\\\/11\\\/UX0B5727-scaled.jpg\",\"contentUrl\":\"https:\\\/\\\/www.eclatsdemail.com\\\/wp-content\\\/uploads\\\/2023\\\/11\\\/UX0B5727-scaled.jpg\",\"width\":2560,\"height\":1707},{\"@type\":\"BreadcrumbList\",\"@id\":\"https:\\\/\\\/www.eclatsdemail.com\\\/2023\\\/11\\\/25\\\/jour-9-in-a-sentimental-mood\\\/#breadcrumb\",\"itemListElement\":[{\"@type\":\"ListItem\",\"position\":1,\"name\":\"Accueil\",\"item\":\"https:\\\/\\\/www.eclatsdemail.com\\\/\"},{\"@type\":\"ListItem\",\"position\":2,\"name\":\"Jour 9 : In a sentimental mood\"}]},{\"@type\":\"WebSite\",\"@id\":\"https:\\\/\\\/www.eclatsdemail.com\\\/#website\",\"url\":\"https:\\\/\\\/www.eclatsdemail.com\\\/\",\"name\":\"Festival \u00c9clats d&#039;\u00c9mail Jazz \u00c9dition\",\"description\":\"2024\",\"publisher\":{\"@id\":\"https:\\\/\\\/www.eclatsdemail.com\\\/#organization\"},\"potentialAction\":[{\"@type\":\"SearchAction\",\"target\":{\"@type\":\"EntryPoint\",\"urlTemplate\":\"https:\\\/\\\/www.eclatsdemail.com\\\/?s={search_term_string}\"},\"query-input\":{\"@type\":\"PropertyValueSpecification\",\"valueRequired\":true,\"valueName\":\"search_term_string\"}}],\"inLanguage\":\"en-GB\"},{\"@type\":\"Organization\",\"@id\":\"https:\\\/\\\/www.eclatsdemail.com\\\/#organization\",\"name\":\"Festival \u00c9clats d'\u00c9mail Jazz \u00c9dition\",\"url\":\"https:\\\/\\\/www.eclatsdemail.com\\\/\",\"logo\":{\"@type\":\"ImageObject\",\"inLanguage\":\"en-GB\",\"@id\":\"https:\\\/\\\/www.eclatsdemail.com\\\/#\\\/schema\\\/logo\\\/image\\\/\",\"url\":\"https:\\\/\\\/www.eclatsdemail.com\\\/wp-content\\\/uploads\\\/2022\\\/05\\\/cropped-logo2022.png\",\"contentUrl\":\"https:\\\/\\\/www.eclatsdemail.com\\\/wp-content\\\/uploads\\\/2022\\\/05\\\/cropped-logo2022.png\",\"width\":616,\"height\":100,\"caption\":\"Festival \u00c9clats d'\u00c9mail Jazz \u00c9dition\"},\"image\":{\"@id\":\"https:\\\/\\\/www.eclatsdemail.com\\\/#\\\/schema\\\/logo\\\/image\\\/\"},\"sameAs\":[\"https:\\\/\\\/www.facebook.com\\\/jazzeclatsdemail\",\"https:\\\/\\\/x.com\\\/eclatsemailjazz\",\"https:\\\/\\\/www.instagram.com\\\/Festival_Eclats_d_Email_JAZZ\\\/\"]},{\"@type\":\"Person\",\"@id\":\"https:\\\/\\\/www.eclatsdemail.com\\\/#\\\/schema\\\/person\\\/2029d40d8c6530367bbca3180e5cc771\",\"name\":\"webmaster\",\"image\":{\"@type\":\"ImageObject\",\"inLanguage\":\"en-GB\",\"@id\":\"https:\\\/\\\/secure.gravatar.com\\\/avatar\\\/33582f2397fd1937271398427a5a727b5de665bc4f224d466a522d78221f221d?s=96&d=mm&r=g\",\"url\":\"https:\\\/\\\/secure.gravatar.com\\\/avatar\\\/33582f2397fd1937271398427a5a727b5de665bc4f224d466a522d78221f221d?s=96&d=mm&r=g\",\"contentUrl\":\"https:\\\/\\\/secure.gravatar.com\\\/avatar\\\/33582f2397fd1937271398427a5a727b5de665bc4f224d466a522d78221f221d?s=96&d=mm&r=g\",\"caption\":\"webmaster\"},\"sameAs\":[\"http:\\\/\\\/s370308257.onlinehome.fr\\\/FEEV2\"],\"url\":\"https:\\\/\\\/www.eclatsdemail.com\\\/gb\\\/author\\\/webmaster\\\/\"}]}<\/script>\n<!-- \/ Yoast SEO plugin. -->","yoast_head_json":{"title":"Jour 9 : In a sentimental mood - Festival \u00c9clats d&#039;\u00c9mail Jazz \u00c9dition","robots":{"index":"index","follow":"follow","max-snippet":"max-snippet:-1","max-image-preview":"max-image-preview:large","max-video-preview":"max-video-preview:-1"},"canonical":"https:\/\/www.eclatsdemail.com\/2023\/11\/25\/jour-9-in-a-sentimental-mood\/","og_locale":"en_GB","og_type":"article","og_title":"Jour 9 : In a sentimental mood - Festival \u00c9clats d&#039;\u00c9mail Jazz \u00c9dition","og_url":"https:\/\/www.eclatsdemail.com\/2023\/11\/25\/jour-9-in-a-sentimental-mood\/","og_site_name":"Festival \u00c9clats d&#039;\u00c9mail Jazz \u00c9dition","article_publisher":"https:\/\/www.facebook.com\/jazzeclatsdemail","article_published_time":"2023-11-25T15:21:32+00:00","article_modified_time":"2023-11-26T15:25:50+00:00","og_image":[{"width":2560,"height":1707,"url":"https:\/\/www.eclatsdemail.com\/wp-content\/uploads\/2023\/11\/UX0B5727-scaled.jpg","type":"image\/jpeg"}],"author":"webmaster","twitter_card":"summary_large_image","twitter_creator":"@eclatsemailjazz","twitter_site":"@eclatsemailjazz","twitter_misc":{"Written by":"webmaster","Est. reading time":"3 minutes"},"schema":{"@context":"https:\/\/schema.org","@graph":[{"@type":"Article","@id":"https:\/\/www.eclatsdemail.com\/2023\/11\/25\/jour-9-in-a-sentimental-mood\/#article","isPartOf":{"@id":"https:\/\/www.eclatsdemail.com\/2023\/11\/25\/jour-9-in-a-sentimental-mood\/"},"author":{"name":"webmaster","@id":"https:\/\/www.eclatsdemail.com\/#\/schema\/person\/2029d40d8c6530367bbca3180e5cc771"},"headline":"Jour 9 : In a sentimental mood","datePublished":"2023-11-25T15:21:32+00:00","dateModified":"2023-11-26T15:25:50+00:00","mainEntityOfPage":{"@id":"https:\/\/www.eclatsdemail.com\/2023\/11\/25\/jour-9-in-a-sentimental-mood\/"},"wordCount":675,"publisher":{"@id":"https:\/\/www.eclatsdemail.com\/#organization"},"image":{"@id":"https:\/\/www.eclatsdemail.com\/2023\/11\/25\/jour-9-in-a-sentimental-mood\/#primaryimage"},"thumbnailUrl":"https:\/\/www.eclatsdemail.com\/wp-content\/uploads\/2023\/11\/UX0B5727-scaled.jpg","articleSection":["\u00e9dition 2023"],"inLanguage":"en-GB"},{"@type":"WebPage","@id":"https:\/\/www.eclatsdemail.com\/2023\/11\/25\/jour-9-in-a-sentimental-mood\/","url":"https:\/\/www.eclatsdemail.com\/2023\/11\/25\/jour-9-in-a-sentimental-mood\/","name":"Jour 9 : In a sentimental mood - Festival \u00c9clats d&#039;\u00c9mail Jazz \u00c9dition","isPartOf":{"@id":"https:\/\/www.eclatsdemail.com\/#website"},"primaryImageOfPage":{"@id":"https:\/\/www.eclatsdemail.com\/2023\/11\/25\/jour-9-in-a-sentimental-mood\/#primaryimage"},"image":{"@id":"https:\/\/www.eclatsdemail.com\/2023\/11\/25\/jour-9-in-a-sentimental-mood\/#primaryimage"},"thumbnailUrl":"https:\/\/www.eclatsdemail.com\/wp-content\/uploads\/2023\/11\/UX0B5727-scaled.jpg","datePublished":"2023-11-25T15:21:32+00:00","dateModified":"2023-11-26T15:25:50+00:00","breadcrumb":{"@id":"https:\/\/www.eclatsdemail.com\/2023\/11\/25\/jour-9-in-a-sentimental-mood\/#breadcrumb"},"inLanguage":"en-GB","potentialAction":[{"@type":"ReadAction","target":["https:\/\/www.eclatsdemail.com\/2023\/11\/25\/jour-9-in-a-sentimental-mood\/"]}]},{"@type":"ImageObject","inLanguage":"en-GB","@id":"https:\/\/www.eclatsdemail.com\/2023\/11\/25\/jour-9-in-a-sentimental-mood\/#primaryimage","url":"https:\/\/www.eclatsdemail.com\/wp-content\/uploads\/2023\/11\/UX0B5727-scaled.jpg","contentUrl":"https:\/\/www.eclatsdemail.com\/wp-content\/uploads\/2023\/11\/UX0B5727-scaled.jpg","width":2560,"height":1707},{"@type":"BreadcrumbList","@id":"https:\/\/www.eclatsdemail.com\/2023\/11\/25\/jour-9-in-a-sentimental-mood\/#breadcrumb","itemListElement":[{"@type":"ListItem","position":1,"name":"Accueil","item":"https:\/\/www.eclatsdemail.com\/"},{"@type":"ListItem","position":2,"name":"Jour 9 : In a sentimental mood"}]},{"@type":"WebSite","@id":"https:\/\/www.eclatsdemail.com\/#website","url":"https:\/\/www.eclatsdemail.com\/","name":"Festival \u00c9clats d&#039;\u00c9mail Jazz \u00c9dition","description":"2024","publisher":{"@id":"https:\/\/www.eclatsdemail.com\/#organization"},"potentialAction":[{"@type":"SearchAction","target":{"@type":"EntryPoint","urlTemplate":"https:\/\/www.eclatsdemail.com\/?s={search_term_string}"},"query-input":{"@type":"PropertyValueSpecification","valueRequired":true,"valueName":"search_term_string"}}],"inLanguage":"en-GB"},{"@type":"Organization","@id":"https:\/\/www.eclatsdemail.com\/#organization","name":"Festival \u00c9clats d'\u00c9mail Jazz \u00c9dition","url":"https:\/\/www.eclatsdemail.com\/","logo":{"@type":"ImageObject","inLanguage":"en-GB","@id":"https:\/\/www.eclatsdemail.com\/#\/schema\/logo\/image\/","url":"https:\/\/www.eclatsdemail.com\/wp-content\/uploads\/2022\/05\/cropped-logo2022.png","contentUrl":"https:\/\/www.eclatsdemail.com\/wp-content\/uploads\/2022\/05\/cropped-logo2022.png","width":616,"height":100,"caption":"Festival \u00c9clats d'\u00c9mail Jazz \u00c9dition"},"image":{"@id":"https:\/\/www.eclatsdemail.com\/#\/schema\/logo\/image\/"},"sameAs":["https:\/\/www.facebook.com\/jazzeclatsdemail","https:\/\/x.com\/eclatsemailjazz","https:\/\/www.instagram.com\/Festival_Eclats_d_Email_JAZZ\/"]},{"@type":"Person","@id":"https:\/\/www.eclatsdemail.com\/#\/schema\/person\/2029d40d8c6530367bbca3180e5cc771","name":"webmaster","image":{"@type":"ImageObject","inLanguage":"en-GB","@id":"https:\/\/secure.gravatar.com\/avatar\/33582f2397fd1937271398427a5a727b5de665bc4f224d466a522d78221f221d?s=96&d=mm&r=g","url":"https:\/\/secure.gravatar.com\/avatar\/33582f2397fd1937271398427a5a727b5de665bc4f224d466a522d78221f221d?s=96&d=mm&r=g","contentUrl":"https:\/\/secure.gravatar.com\/avatar\/33582f2397fd1937271398427a5a727b5de665bc4f224d466a522d78221f221d?s=96&d=mm&r=g","caption":"webmaster"},"sameAs":["http:\/\/s370308257.onlinehome.fr\/FEEV2"],"url":"https:\/\/www.eclatsdemail.com\/gb\/author\/webmaster\/"}]}},"_links":{"self":[{"href":"https:\/\/www.eclatsdemail.com\/gb\/wp-json\/wp\/v2\/posts\/10769","targetHints":{"allow":["GET"]}}],"collection":[{"href":"https:\/\/www.eclatsdemail.com\/gb\/wp-json\/wp\/v2\/posts"}],"about":[{"href":"https:\/\/www.eclatsdemail.com\/gb\/wp-json\/wp\/v2\/types\/post"}],"author":[{"embeddable":true,"href":"https:\/\/www.eclatsdemail.com\/gb\/wp-json\/wp\/v2\/users\/1"}],"replies":[{"embeddable":true,"href":"https:\/\/www.eclatsdemail.com\/gb\/wp-json\/wp\/v2\/comments?post=10769"}],"version-history":[{"count":2,"href":"https:\/\/www.eclatsdemail.com\/gb\/wp-json\/wp\/v2\/posts\/10769\/revisions"}],"predecessor-version":[{"id":10773,"href":"https:\/\/www.eclatsdemail.com\/gb\/wp-json\/wp\/v2\/posts\/10769\/revisions\/10773"}],"wp:featuredmedia":[{"embeddable":true,"href":"https:\/\/www.eclatsdemail.com\/gb\/wp-json\/wp\/v2\/media\/10772"}],"wp:attachment":[{"href":"https:\/\/www.eclatsdemail.com\/gb\/wp-json\/wp\/v2\/media?parent=10769"}],"wp:term":[{"taxonomy":"category","embeddable":true,"href":"https:\/\/www.eclatsdemail.com\/gb\/wp-json\/wp\/v2\/categories?post=10769"},{"taxonomy":"post_tag","embeddable":true,"href":"https:\/\/www.eclatsdemail.com\/gb\/wp-json\/wp\/v2\/tags?post=10769"}],"curies":[{"name":"wp","href":"https:\/\/api.w.org\/{rel}","templated":true}]}}